{"id":121677,"date":"2021-07-17T08:11:00","date_gmt":"2021-07-17T12:11:00","guid":{"rendered":"https:\/\/linitiative.ca\/International\/ma-city-guardiola-naurait-pas-change-davis-au-sujet-de-sterling\/"},"modified":"2021-07-17T08:11:00","modified_gmt":"2021-07-17T12:11:00","slug":"ma-city-guardiola-naurait-pas-change-davis-au-sujet-de-sterling","status":"publish","type":"post","link":"https:\/\/linitiative.ca\/International\/ma-city-guardiola-naurait-pas-change-davis-au-sujet-de-sterling\/","title":{"rendered":"Ma City : Guardiola n&rsquo;aurait pas chang\u00e9 d&rsquo;avis au sujet de Sterling"},"content":{"rendered":"<div>Auteur de 3 buts et 1 passe d\u00e9cisive lors de l&rsquo;Euro, de nombreux observateurs pensaient que Sterling pourrait sauver sa place \u00e0 City\u2026 Mais il n\u2019en est rien<img loading=\"lazy\" decoding=\"async\" src=\"http:\/\/feeds.feedburner.com\/~r\/GalerieFArtciles\/~4\/F4Dj6L2dL5g\" height=\"1\" width=\"1\" alt=\"\"><\/div>\n<p>Auteur:<br \/>\n<a href=\"http:\/\/www.lebuteur.com\/article\/detail?titre=ma-city-guardiola-naurait-pas-change-davis-au-sujet-de-sterling&#038;id=100641&#038;utm_source=feedburner&#038;utm_medium=feed&#038;utm_campaign=Feed%3A+GalerieFArtciles+%28Les+derniers+articles++-+lebuteur.com%29\">Cliquez ici pour lire l&rsquo;article depuis sa source.<\/a><\/p>\n","protected":false},"excerpt":{"rendered":"<p>Auteur de 3 buts et 1 passe d\u00e9cisive lors de l&rsquo;Euro, de nombreux observateurs pensaient que Sterling pourrait sauver sa place \u00e0 City\u2026 Mais il n\u2019en est rien Auteur: Cliquez ici pour lire l&rsquo;article depuis sa source.<\/p>\n","protected":false},"author":1738,"featured_media":0,"comment_status":"closed","ping_status":"closed","sticky":false,"template":"","format":"standard","meta":{"fifu_image_url":"http:\/\/feeds.feedburner.com\/~r\/GalerieFArtciles\/~4\/F4Dj6L2dL5g","fifu_image_alt":"<div>Ma City : Guardiola n'aurait pas chang\u00e9 d'avis au sujet de Sterling<\/div>","footnotes":""},"categories":[53,75],"tags":[],"class_list":["post-121677","post","type-post","status-publish","format-standard","hentry","category-algerie","category-sport"],"_links":{"self":[{"href":"https:\/\/linitiative.ca\/International\/wp-json\/wp\/v2\/posts\/121677","targetHints":{"allow":["GET"]}}],"collection":[{"href":"https:\/\/linitiative.ca\/International\/wp-json\/wp\/v2\/posts"}],"about":[{"href":"https:\/\/linitiative.ca\/International\/wp-json\/wp\/v2\/types\/post"}],"author":[{"embeddable":true,"href":"https:\/\/linitiative.ca\/International\/wp-json\/wp\/v2\/users\/1738"}],"replies":[{"embeddable":true,"href":"https:\/\/linitiative.ca\/International\/wp-json\/wp\/v2\/comments?post=121677"}],"version-history":[{"count":0,"href":"https:\/\/linitiative.ca\/International\/wp-json\/wp\/v2\/posts\/121677\/revisions"}],"wp:attachment":[{"href":"https:\/\/linitiative.ca\/International\/wp-json\/wp\/v2\/media?parent=121677"}],"wp:term":[{"taxonomy":"category","embeddable":true,"href":"https:\/\/linitiative.ca\/International\/wp-json\/wp\/v2\/categories?post=121677"},{"taxonomy":"post_tag","embeddable":true,"href":"https:\/\/linitiative.ca\/International\/wp-json\/wp\/v2\/tags?post=121677"}],"curies":[{"name":"wp","href":"https:\/\/api.w.org\/{rel}","templated":true}]}}