{"id":121678,"date":"2021-07-17T11:00:00","date_gmt":"2021-07-17T15:00:00","guid":{"rendered":"https:\/\/linitiative.ca\/International\/manchester-united-en-pole-pour-accueillir-cette-superstar-du-real-madrid\/"},"modified":"2021-07-17T11:00:00","modified_gmt":"2021-07-17T15:00:00","slug":"manchester-united-en-pole-pour-accueillir-cette-superstar-du-real-madrid","status":"publish","type":"post","link":"https:\/\/linitiative.ca\/International\/manchester-united-en-pole-pour-accueillir-cette-superstar-du-real-madrid\/","title":{"rendered":"Manchester United en pole pour accueillir cette superstar du Real Madrid"},"content":{"rendered":"<div>Champion du monde en titre avec l\u2019Equipe de France en 2018, Rapha\u00ebl Varane ne semble plus vraiment concern\u00e9 par le Real Madrid. Une aventure en Angleterre \u00e0 Manchester United est d\u2019actualit\u00e9.<img loading=\"lazy\" decoding=\"async\" src=\"http:\/\/feeds.feedburner.com\/~r\/GalerieFArtciles\/~4\/spqCCFe3Q94\" height=\"1\" width=\"1\" alt=\"\"><\/div>\n<p>Auteur:<br \/>\n<a href=\"http:\/\/www.lebuteur.com\/article\/detail?titre=manchester-united-en-pole-pour-accueillir-cette-superstar-du-real-madrid&#038;id=100642&#038;utm_source=feedburner&#038;utm_medium=feed&#038;utm_campaign=Feed%3A+GalerieFArtciles+%28Les+derniers+articles++-+lebuteur.com%29\">Cliquez ici pour lire l&rsquo;article depuis sa source.<\/a><\/p>\n","protected":false},"excerpt":{"rendered":"<p>Champion du monde en titre avec l\u2019Equipe de France en 2018, Rapha\u00ebl Varane ne semble plus vraiment concern\u00e9 par le Real Madrid. Une aventure en Angleterre \u00e0 Manchester United est d\u2019actualit\u00e9. Auteur: Cliquez ici pour lire l&rsquo;article depuis sa source.<\/p>\n","protected":false},"author":1738,"featured_media":0,"comment_status":"closed","ping_status":"closed","sticky":false,"template":"","format":"standard","meta":{"fifu_image_url":"http:\/\/feeds.feedburner.com\/~r\/GalerieFArtciles\/~4\/spqCCFe3Q94","fifu_image_alt":"Manchester United en pole pour accueillir cette superstar du Real Madrid","footnotes":""},"categories":[53,75],"tags":[],"class_list":["post-121678","post","type-post","status-publish","format-standard","hentry","category-algerie","category-sport"],"_links":{"self":[{"href":"https:\/\/linitiative.ca\/International\/wp-json\/wp\/v2\/posts\/121678","targetHints":{"allow":["GET"]}}],"collection":[{"href":"https:\/\/linitiative.ca\/International\/wp-json\/wp\/v2\/posts"}],"about":[{"href":"https:\/\/linitiative.ca\/International\/wp-json\/wp\/v2\/types\/post"}],"author":[{"embeddable":true,"href":"https:\/\/linitiative.ca\/International\/wp-json\/wp\/v2\/users\/1738"}],"replies":[{"embeddable":true,"href":"https:\/\/linitiative.ca\/International\/wp-json\/wp\/v2\/comments?post=121678"}],"version-history":[{"count":0,"href":"https:\/\/linitiative.ca\/International\/wp-json\/wp\/v2\/posts\/121678\/revisions"}],"wp:attachment":[{"href":"https:\/\/linitiative.ca\/International\/wp-json\/wp\/v2\/media?parent=121678"}],"wp:term":[{"taxonomy":"category","embeddable":true,"href":"https:\/\/linitiative.ca\/International\/wp-json\/wp\/v2\/categories?post=121678"},{"taxonomy":"post_tag","embeddable":true,"href":"https:\/\/linitiative.ca\/International\/wp-json\/wp\/v2\/tags?post=121678"}],"curies":[{"name":"wp","href":"https:\/\/api.w.org\/{rel}","templated":true}]}}