{"id":121682,"date":"2021-07-17T08:00:00","date_gmt":"2021-07-17T12:00:00","guid":{"rendered":"https:\/\/linitiative.ca\/International\/gouvernerment-quels-roles-pour-la-commission-et-le-secretariat-general\/"},"modified":"2021-07-17T08:00:00","modified_gmt":"2021-07-17T12:00:00","slug":"gouvernerment-quels-roles-pour-la-commission-et-le-secretariat-general","status":"publish","type":"post","link":"https:\/\/linitiative.ca\/International\/gouvernerment-quels-roles-pour-la-commission-et-le-secretariat-general\/","title":{"rendered":"Gouvernerment : Quels r\u00f4les pour la commission et le secr\u00e9tariat g\u00e9n\u00e9ral"},"content":{"rendered":"<div><img decoding=\"async\" src=\"https:\/\/linitiative.ca\/International\/wp-content\/uploads\/sites\/23\/2021\/07\/1626520022_article.jpg\" alt=\"Gouvernerment : quels r\u00f4les pour la commission et le secr\u00e9tariat g\u00e9n\u00e9ral\" align=\"left\">Sommaire<\/p>\n<p>\u2022 Face \u00e0 la mer<br \/>\n\u2022 Interview : Une vision nouvelle<br \/>\n\u2022 Portrait : Asma Sehiri Laabidi : L\u2019Amirale<br \/>\n\u2022 La Tunisie marine<br \/>\n\u2022 Une commission et un secr\u00e9tariat g\u00e9n\u00e9ral<br \/>\n\u2022 La saison bleue<br \/>\nDossier \u00e9tabli par Taoufik Habaieb<br \/>\nPhotos : Mohamed Hammi<\/p>\n<p>L\u2019instance gouvernementale est la commission minist\u00e9rielle pr\u00e9sid\u00e9e par le chef du gouvernement, compos\u00e9e de tous les ministres concern\u00e9s. Son bras s\u00e9culier est le secr\u00e9tariat g\u00e9n\u00e9ral des Affaires maritimes. Ainsi en a dispos\u00e9 le d\u00e9cret gouvernemental n\u00b0 2019-144 du 18 f\u00e9vrier 2019.<br \/>\nLes attributions du secr\u00e9tariat g\u00e9n\u00e9ral portent essentiellement sur la coordination entre les diff\u00e9rentes structures &#8230;<\/p>\n<\/div>\n<p>Auteur:<br \/>\n<a href=\"https:\/\/www.leaders.com.tn\/article\/32160-gouvernerment-quels-roles-pour-la-commission-et-le-secretariat-general\">Cliquez ici pour lire l&rsquo;article depuis sa source.<\/a><\/p>\n","protected":false},"excerpt":{"rendered":"<p>Sommaire \u2022 Face \u00e0 la mer \u2022 Interview : Une vision nouvelle \u2022 Portrait : Asma Sehiri Laabidi : L\u2019Amirale \u2022 La Tunisie marine \u2022 Une commission et un secr\u00e9tariat g\u00e9n\u00e9ral \u2022 La saison bleue Dossier \u00e9tabli par Taoufik Habaieb Photos : Mohamed Hammi L\u2019instance gouvernementale est la commission minist\u00e9rielle pr\u00e9sid\u00e9e par le chef du [&hellip;]<\/p>\n","protected":false},"author":1772,"featured_media":0,"comment_status":"closed","ping_status":"closed","sticky":false,"template":"","format":"standard","meta":{"fifu_image_url":"http:\/\/www.leaders.com.tn\/uploads\/content\/thumbnails_small\/1626520022_article.jpg","fifu_image_alt":"Gouvernerment : Quels r\u00f4les pour la commission et le secr\u00e9tariat g\u00e9n\u00e9ral","footnotes":""},"categories":[73,55],"tags":[],"class_list":["post-121682","post","type-post","status-publish","format-standard","hentry","category-actualite","category-tunisie"],"_links":{"self":[{"href":"https:\/\/linitiative.ca\/International\/wp-json\/wp\/v2\/posts\/121682","targetHints":{"allow":["GET"]}}],"collection":[{"href":"https:\/\/linitiative.ca\/International\/wp-json\/wp\/v2\/posts"}],"about":[{"href":"https:\/\/linitiative.ca\/International\/wp-json\/wp\/v2\/types\/post"}],"author":[{"embeddable":true,"href":"https:\/\/linitiative.ca\/International\/wp-json\/wp\/v2\/users\/1772"}],"replies":[{"embeddable":true,"href":"https:\/\/linitiative.ca\/International\/wp-json\/wp\/v2\/comments?post=121682"}],"version-history":[{"count":0,"href":"https:\/\/linitiative.ca\/International\/wp-json\/wp\/v2\/posts\/121682\/revisions"}],"wp:attachment":[{"href":"https:\/\/linitiative.ca\/International\/wp-json\/wp\/v2\/media?parent=121682"}],"wp:term":[{"taxonomy":"category","embeddable":true,"href":"https:\/\/linitiative.ca\/International\/wp-json\/wp\/v2\/categories?post=121682"},{"taxonomy":"post_tag","embeddable":true,"href":"https:\/\/linitiative.ca\/International\/wp-json\/wp\/v2\/tags?post=121682"}],"curies":[{"name":"wp","href":"https:\/\/api.w.org\/{rel}","templated":true}]}}