{"id":121684,"date":"2021-07-17T08:42:00","date_gmt":"2021-07-17T12:42:00","guid":{"rendered":"https:\/\/linitiative.ca\/International\/imed-melliti-elu-president-de-lassociation-internationale-des-sociologues-de-langue-francaise-aislf\/"},"modified":"2021-07-17T08:42:00","modified_gmt":"2021-07-17T12:42:00","slug":"imed-melliti-elu-president-de-lassociation-internationale-des-sociologues-de-langue-francaise-aislf","status":"publish","type":"post","link":"https:\/\/linitiative.ca\/International\/imed-melliti-elu-president-de-lassociation-internationale-des-sociologues-de-langue-francaise-aislf\/","title":{"rendered":"Imed Melliti \u00e9lu Pr\u00e9sident de l\u2019Association internationale des sociologues de langue fran\u00e7aise (AISLF)"},"content":{"rendered":"<div><img decoding=\"async\" src=\"https:\/\/linitiative.ca\/International\/wp-content\/uploads\/sites\/23\/2021\/07\/1626522607_article.jpg\" alt=\"Imed Melliti \u00e9lu Pr\u00e9sident de l\u2019Association internationale des sociologues de langue fran\u00e7aise (AISLF)\" align=\"left\">Le sociologue Imed Melliti vient d\u2019\u00eatre \u00e9lu Pr\u00e9sident de l\u2019Association internationale des sociologues de langue fran\u00e7aise (AISLF), \u00e0 l\u2019issue du XXIe congr\u00e8s de l\u2019association tenu \u00e0 distance entre le 12 et le 16 juillet 2021.<br \/>\nImed Melliti est Professeur d\u2019enseignement sup\u00e9rieur en sociologie \u00e0 l\u2019Institut sup\u00e9rieur des sciences humaines de Tunis (ISSHT, Universit\u00e9 de Tunis El Manar), enseignant-chercheur en sociologie et en anthropologie et membre actif de l\u2019AISLF depuis plus de vingt ans. Ses premiers travaux de recherche ont port\u00e9 sur la saintet\u00e9 et le confr\u00e9risme au Maghreb. Il s\u2019int\u00e9resse depuis 2011 aux \u00ab\u00e9conomies morales\u00bb et aux sentiments &#8230;<\/p>\n<\/div>\n<p>Auteur:<br \/>\n<a href=\"https:\/\/www.leaders.com.tn\/article\/32163-imed-melliti-elu-president-de-l-association-internationale-des-sociologues-de-langue-francaise-aislf\">Cliquez ici pour lire l&rsquo;article depuis sa source.<\/a><\/p>\n","protected":false},"excerpt":{"rendered":"<p>Le sociologue Imed Melliti vient d\u2019\u00eatre \u00e9lu Pr\u00e9sident de l\u2019Association internationale des sociologues de langue fran\u00e7aise (AISLF), \u00e0 l\u2019issue du XXIe congr\u00e8s de l\u2019association tenu \u00e0 distance entre le 12 et le 16 juillet 2021. Imed Melliti est Professeur d\u2019enseignement sup\u00e9rieur en sociologie \u00e0 l\u2019Institut sup\u00e9rieur des sciences humaines de Tunis (ISSHT, Universit\u00e9 de Tunis [&hellip;]<\/p>\n","protected":false},"author":1772,"featured_media":0,"comment_status":"closed","ping_status":"closed","sticky":false,"template":"","format":"standard","meta":{"fifu_image_url":"http:\/\/www.leaders.com.tn\/uploads\/content\/thumbnails_small\/1626522607_article.jpg","fifu_image_alt":"Imed Melliti \u00e9lu Pr\u00e9sident de l\u2019Association internationale des sociologues de langue fran\u00e7aise (AISLF)","footnotes":""},"categories":[73,55],"tags":[],"class_list":["post-121684","post","type-post","status-publish","format-standard","hentry","category-actualite","category-tunisie"],"_links":{"self":[{"href":"https:\/\/linitiative.ca\/International\/wp-json\/wp\/v2\/posts\/121684","targetHints":{"allow":["GET"]}}],"collection":[{"href":"https:\/\/linitiative.ca\/International\/wp-json\/wp\/v2\/posts"}],"about":[{"href":"https:\/\/linitiative.ca\/International\/wp-json\/wp\/v2\/types\/post"}],"author":[{"embeddable":true,"href":"https:\/\/linitiative.ca\/International\/wp-json\/wp\/v2\/users\/1772"}],"replies":[{"embeddable":true,"href":"https:\/\/linitiative.ca\/International\/wp-json\/wp\/v2\/comments?post=121684"}],"version-history":[{"count":0,"href":"https:\/\/linitiative.ca\/International\/wp-json\/wp\/v2\/posts\/121684\/revisions"}],"wp:attachment":[{"href":"https:\/\/linitiative.ca\/International\/wp-json\/wp\/v2\/media?parent=121684"}],"wp:term":[{"taxonomy":"category","embeddable":true,"href":"https:\/\/linitiative.ca\/International\/wp-json\/wp\/v2\/categories?post=121684"},{"taxonomy":"post_tag","embeddable":true,"href":"https:\/\/linitiative.ca\/International\/wp-json\/wp\/v2\/tags?post=121684"}],"curies":[{"name":"wp","href":"https:\/\/api.w.org\/{rel}","templated":true}]}}