{"id":121686,"date":"2021-07-17T11:32:00","date_gmt":"2021-07-17T15:32:00","guid":{"rendered":"https:\/\/linitiative.ca\/International\/la-france-place-la-tunisie-sur-les-pays-rouges-voici-les-nouvelles-conditions-de-voyage\/"},"modified":"2021-07-17T11:32:00","modified_gmt":"2021-07-17T15:32:00","slug":"la-france-place-la-tunisie-sur-les-pays-rouges-voici-les-nouvelles-conditions-de-voyage","status":"publish","type":"post","link":"https:\/\/linitiative.ca\/International\/la-france-place-la-tunisie-sur-les-pays-rouges-voici-les-nouvelles-conditions-de-voyage\/","title":{"rendered":"La France place la Tunisie sur les pays \u00abrouges\u00bb : voici les nouvelles conditions de voyage"},"content":{"rendered":"<div><img decoding=\"async\" src=\"https:\/\/linitiative.ca\/International\/wp-content\/uploads\/sites\/23\/2021\/07\/1626532331_article.jpg\" alt=\"La France place la Tunisie sur les pays \u00ab rouges \u00bb : voici les nouvelles conditions de voyage\" align=\"left\">Les autorit\u00e9s fran\u00e7aises ont d\u00e9cid\u00e9 de placer la Tunisie sur la liste des pays \u00abrouges\u00bb. Cette mesure entre en vigueur \u00e0 partir du dimanche 18 juillet, 0h. C\u2019est ce qu\u2019annonce un communiqu\u00e9 publi\u00e9 par l\u2019ambassade de France \u00e0 Tunis, indiquant que cette mesure a \u00e9t\u00e9 prise \u00abdu fait de la situation sanitaire en Tunisie et \u00e0 partir des derni\u00e8res donn\u00e9es scientifiques publiques (taux d\u2019incidence du Covid-19, taux de positivit\u00e9 des tests, pr\u00e9sence des variants\u2026).<br \/>\n\u00abActualis\u00e9 chaque semaine, ce classement est susceptible d\u2019\u00e9voluer dans les semaines \u00e0 venir\u00bb ajoute le communiqu\u00e9. Les listes des pays sont susceptibles d\u2019\u00eatre adapt\u00e9es selon l\u2019\u00e9volution de &#8230;<\/p>\n<\/div>\n<p>Auteur:<br \/>\n<a href=\"https:\/\/www.leaders.com.tn\/article\/32164-la-france-place-la-tunisie-sur-les-pays-rouges-voici-les-nouvelles-conditions-de-voyage\">Cliquez ici pour lire l&rsquo;article depuis sa source.<\/a><\/p>\n","protected":false},"excerpt":{"rendered":"<p>Les autorit\u00e9s fran\u00e7aises ont d\u00e9cid\u00e9 de placer la Tunisie sur la liste des pays \u00abrouges\u00bb. Cette mesure entre en vigueur \u00e0 partir du dimanche 18 juillet, 0h. C\u2019est ce qu\u2019annonce un communiqu\u00e9 publi\u00e9 par l\u2019ambassade de France \u00e0 Tunis, indiquant que cette mesure a \u00e9t\u00e9 prise \u00abdu fait de la situation sanitaire en Tunisie et [&hellip;]<\/p>\n","protected":false},"author":1772,"featured_media":0,"comment_status":"closed","ping_status":"closed","sticky":false,"template":"","format":"standard","meta":{"fifu_image_url":"http:\/\/www.leaders.com.tn\/uploads\/content\/thumbnails_small\/1626532331_article.jpg","fifu_image_alt":"La France place la Tunisie sur les pays \u00abrouges\u00bb : voici les nouvelles conditions de voyage","footnotes":""},"categories":[73,55],"tags":[],"class_list":["post-121686","post","type-post","status-publish","format-standard","hentry","category-actualite","category-tunisie"],"_links":{"self":[{"href":"https:\/\/linitiative.ca\/International\/wp-json\/wp\/v2\/posts\/121686","targetHints":{"allow":["GET"]}}],"collection":[{"href":"https:\/\/linitiative.ca\/International\/wp-json\/wp\/v2\/posts"}],"about":[{"href":"https:\/\/linitiative.ca\/International\/wp-json\/wp\/v2\/types\/post"}],"author":[{"embeddable":true,"href":"https:\/\/linitiative.ca\/International\/wp-json\/wp\/v2\/users\/1772"}],"replies":[{"embeddable":true,"href":"https:\/\/linitiative.ca\/International\/wp-json\/wp\/v2\/comments?post=121686"}],"version-history":[{"count":0,"href":"https:\/\/linitiative.ca\/International\/wp-json\/wp\/v2\/posts\/121686\/revisions"}],"wp:attachment":[{"href":"https:\/\/linitiative.ca\/International\/wp-json\/wp\/v2\/media?parent=121686"}],"wp:term":[{"taxonomy":"category","embeddable":true,"href":"https:\/\/linitiative.ca\/International\/wp-json\/wp\/v2\/categories?post=121686"},{"taxonomy":"post_tag","embeddable":true,"href":"https:\/\/linitiative.ca\/International\/wp-json\/wp\/v2\/tags?post=121686"}],"curies":[{"name":"wp","href":"https:\/\/api.w.org\/{rel}","templated":true}]}}