{"id":121688,"date":"2021-07-17T06:00:00","date_gmt":"2021-07-17T10:00:00","guid":{"rendered":"https:\/\/linitiative.ca\/International\/le-mouvement-prend-de-lampleur\/"},"modified":"2021-07-17T06:00:00","modified_gmt":"2021-07-17T10:00:00","slug":"le-mouvement-prend-de-lampleur","status":"publish","type":"post","link":"https:\/\/linitiative.ca\/International\/le-mouvement-prend-de-lampleur\/","title":{"rendered":"Le mouvement prend de l\u2019ampleur"},"content":{"rendered":"<div>Les manifestations enclench\u00e9es par des jeunes ch\u00f4meurs \u00e0 Ouargla depuis quelques jours, ont fini par atteindre plusieurs autres villes du sud du pays o\u00f9 les populations d\u00e9noncent leur exclusion et marginalisation,<\/div>\n<p>Auteur:<br \/>\n<a href=\"https:\/\/www.lesoirdalgerie.com\/actualites\/le-mouvement-prend-de-lampleur-64516\">Cliquez ici pour lire l&rsquo;article depuis sa source.<\/a><\/p>\n","protected":false},"excerpt":{"rendered":"<p>Les manifestations enclench\u00e9es par des jeunes ch\u00f4meurs \u00e0 Ouargla depuis quelques jours, ont fini par atteindre plusieurs autres villes du sud du pays o\u00f9 les populations d\u00e9noncent leur exclusion et marginalisation, Auteur: Cliquez ici pour lire l&rsquo;article depuis sa source.<\/p>\n","protected":false},"author":1741,"featured_media":0,"comment_status":"closed","ping_status":"closed","sticky":false,"template":"","format":"standard","meta":{"fifu_image_url":"","fifu_image_alt":"","footnotes":""},"categories":[73,53],"tags":[],"class_list":["post-121688","post","type-post","status-publish","format-standard","hentry","category-actualite","category-algerie"],"_links":{"self":[{"href":"https:\/\/linitiative.ca\/International\/wp-json\/wp\/v2\/posts\/121688","targetHints":{"allow":["GET"]}}],"collection":[{"href":"https:\/\/linitiative.ca\/International\/wp-json\/wp\/v2\/posts"}],"about":[{"href":"https:\/\/linitiative.ca\/International\/wp-json\/wp\/v2\/types\/post"}],"author":[{"embeddable":true,"href":"https:\/\/linitiative.ca\/International\/wp-json\/wp\/v2\/users\/1741"}],"replies":[{"embeddable":true,"href":"https:\/\/linitiative.ca\/International\/wp-json\/wp\/v2\/comments?post=121688"}],"version-history":[{"count":0,"href":"https:\/\/linitiative.ca\/International\/wp-json\/wp\/v2\/posts\/121688\/revisions"}],"wp:attachment":[{"href":"https:\/\/linitiative.ca\/International\/wp-json\/wp\/v2\/media?parent=121688"}],"wp:term":[{"taxonomy":"category","embeddable":true,"href":"https:\/\/linitiative.ca\/International\/wp-json\/wp\/v2\/categories?post=121688"},{"taxonomy":"post_tag","embeddable":true,"href":"https:\/\/linitiative.ca\/International\/wp-json\/wp\/v2\/tags?post=121688"}],"curies":[{"name":"wp","href":"https:\/\/api.w.org\/{rel}","templated":true}]}}