{"id":121689,"date":"2021-07-17T06:00:00","date_gmt":"2021-07-17T10:00:00","guid":{"rendered":"https:\/\/linitiative.ca\/International\/un-point-de-vaccination-au-laboratoire-danalyse-de-la-wilaya\/"},"modified":"2021-07-17T06:00:00","modified_gmt":"2021-07-17T10:00:00","slug":"un-point-de-vaccination-au-laboratoire-danalyse-de-la-wilaya","status":"publish","type":"post","link":"https:\/\/linitiative.ca\/International\/un-point-de-vaccination-au-laboratoire-danalyse-de-la-wilaya\/","title":{"rendered":"Un point de vaccination au laboratoire d\u2019analyse de la wilaya"},"content":{"rendered":"<div>Le directeur de l&rsquo;h\u00f4pital Mohamed-Sedik-Benyahia de Jijel informe les citoyens de la wilaya de l&rsquo;ouverture d\u2019un point de vaccination contre la Covid-19 au niveau du laboratoire d\u2019analyse de la wilaya, se trouvant \u00e0 proximit\u00e9 du si\u00e8ge<\/div>\n<p>Auteur:<br \/>\n<a href=\"https:\/\/www.lesoirdalgerie.com\/regions\/un-point-de-vaccination-au-laboratoire-danalyse-de-la-wilaya-64515\">Cliquez ici pour lire l&rsquo;article depuis sa source.<\/a><\/p>\n","protected":false},"excerpt":{"rendered":"<p>Le directeur de l&rsquo;h\u00f4pital Mohamed-Sedik-Benyahia de Jijel informe les citoyens de la wilaya de l&rsquo;ouverture d\u2019un point de vaccination contre la Covid-19 au niveau du laboratoire d\u2019analyse de la wilaya, se trouvant \u00e0 proximit\u00e9 du si\u00e8ge Auteur: Cliquez ici pour lire l&rsquo;article depuis sa source.<\/p>\n","protected":false},"author":1741,"featured_media":0,"comment_status":"closed","ping_status":"closed","sticky":false,"template":"","format":"standard","meta":{"fifu_image_url":"","fifu_image_alt":"","footnotes":""},"categories":[73,53],"tags":[],"class_list":["post-121689","post","type-post","status-publish","format-standard","hentry","category-actualite","category-algerie"],"_links":{"self":[{"href":"https:\/\/linitiative.ca\/International\/wp-json\/wp\/v2\/posts\/121689","targetHints":{"allow":["GET"]}}],"collection":[{"href":"https:\/\/linitiative.ca\/International\/wp-json\/wp\/v2\/posts"}],"about":[{"href":"https:\/\/linitiative.ca\/International\/wp-json\/wp\/v2\/types\/post"}],"author":[{"embeddable":true,"href":"https:\/\/linitiative.ca\/International\/wp-json\/wp\/v2\/users\/1741"}],"replies":[{"embeddable":true,"href":"https:\/\/linitiative.ca\/International\/wp-json\/wp\/v2\/comments?post=121689"}],"version-history":[{"count":0,"href":"https:\/\/linitiative.ca\/International\/wp-json\/wp\/v2\/posts\/121689\/revisions"}],"wp:attachment":[{"href":"https:\/\/linitiative.ca\/International\/wp-json\/wp\/v2\/media?parent=121689"}],"wp:term":[{"taxonomy":"category","embeddable":true,"href":"https:\/\/linitiative.ca\/International\/wp-json\/wp\/v2\/categories?post=121689"},{"taxonomy":"post_tag","embeddable":true,"href":"https:\/\/linitiative.ca\/International\/wp-json\/wp\/v2\/tags?post=121689"}],"curies":[{"name":"wp","href":"https:\/\/api.w.org\/{rel}","templated":true}]}}