{"id":121690,"date":"2021-07-17T06:00:00","date_gmt":"2021-07-17T10:00:00","guid":{"rendered":"https:\/\/linitiative.ca\/International\/arrestation-dun-jeune-en-possession-de-barbituriques-et-darmes-blanches-a-ain-kercha\/"},"modified":"2021-07-17T06:00:00","modified_gmt":"2021-07-17T10:00:00","slug":"arrestation-dun-jeune-en-possession-de-barbituriques-et-darmes-blanches-a-ain-kercha","status":"publish","type":"post","link":"https:\/\/linitiative.ca\/International\/arrestation-dun-jeune-en-possession-de-barbituriques-et-darmes-blanches-a-ain-kercha\/","title":{"rendered":"Arrestation d&rsquo;un jeune en possession de barbituriques et d\u2019armes blanches \u00e0 A\u00efn Kercha"},"content":{"rendered":"<div>Un jeune \u00e2g\u00e9 de 26 ans a \u00e9t\u00e9 arr\u00eat\u00e9 par les \u00e9l\u00e9ments de la police judiciaire de la S\u00fbret\u00e9 de da\u00efra de A\u00efn Kercha en possession de barbituriques et d\u2019armes blanches. Selon le communiqu\u00e9 qui nous a \u00e9t\u00e9 transmis par la cellule de communication de la S\u00fbret\u00e9<\/div>\n<p>Auteur:<br \/>\n<a href=\"https:\/\/www.lesoirdalgerie.com\/regions\/arrestation-dun-jeune-en-possession-de-barbituriques-et-darmes-blanches-a-ain-kercha-64514\">Cliquez ici pour lire l&rsquo;article depuis sa source.<\/a><\/p>\n","protected":false},"excerpt":{"rendered":"<p>Un jeune \u00e2g\u00e9 de 26 ans a \u00e9t\u00e9 arr\u00eat\u00e9 par les \u00e9l\u00e9ments de la police judiciaire de la S\u00fbret\u00e9 de da\u00efra de A\u00efn Kercha en possession de barbituriques et d\u2019armes blanches. Selon le communiqu\u00e9 qui nous a \u00e9t\u00e9 transmis par la cellule de communication de la S\u00fbret\u00e9 Auteur: Cliquez ici pour lire l&rsquo;article depuis sa [&hellip;]<\/p>\n","protected":false},"author":1741,"featured_media":0,"comment_status":"closed","ping_status":"closed","sticky":false,"template":"","format":"standard","meta":{"fifu_image_url":"","fifu_image_alt":"","footnotes":""},"categories":[73,53],"tags":[],"class_list":["post-121690","post","type-post","status-publish","format-standard","hentry","category-actualite","category-algerie"],"_links":{"self":[{"href":"https:\/\/linitiative.ca\/International\/wp-json\/wp\/v2\/posts\/121690","targetHints":{"allow":["GET"]}}],"collection":[{"href":"https:\/\/linitiative.ca\/International\/wp-json\/wp\/v2\/posts"}],"about":[{"href":"https:\/\/linitiative.ca\/International\/wp-json\/wp\/v2\/types\/post"}],"author":[{"embeddable":true,"href":"https:\/\/linitiative.ca\/International\/wp-json\/wp\/v2\/users\/1741"}],"replies":[{"embeddable":true,"href":"https:\/\/linitiative.ca\/International\/wp-json\/wp\/v2\/comments?post=121690"}],"version-history":[{"count":0,"href":"https:\/\/linitiative.ca\/International\/wp-json\/wp\/v2\/posts\/121690\/revisions"}],"wp:attachment":[{"href":"https:\/\/linitiative.ca\/International\/wp-json\/wp\/v2\/media?parent=121690"}],"wp:term":[{"taxonomy":"category","embeddable":true,"href":"https:\/\/linitiative.ca\/International\/wp-json\/wp\/v2\/categories?post=121690"},{"taxonomy":"post_tag","embeddable":true,"href":"https:\/\/linitiative.ca\/International\/wp-json\/wp\/v2\/tags?post=121690"}],"curies":[{"name":"wp","href":"https:\/\/api.w.org\/{rel}","templated":true}]}}