{"id":121691,"date":"2021-07-17T06:00:00","date_gmt":"2021-07-17T10:00:00","guid":{"rendered":"https:\/\/linitiative.ca\/International\/demantelement-dun-reseau-regional-de-dealers\/"},"modified":"2021-07-17T06:00:00","modified_gmt":"2021-07-17T10:00:00","slug":"demantelement-dun-reseau-regional-de-dealers","status":"publish","type":"post","link":"https:\/\/linitiative.ca\/International\/demantelement-dun-reseau-regional-de-dealers\/","title":{"rendered":"D\u00e9mant\u00e8lement d\u2019un r\u00e9seau r\u00e9gional de dealers"},"content":{"rendered":"<div>Les \u00e9l\u00e9ments de la Brigade mobile de la police judiciaire (BMPJ) relevant de la S\u00fbret\u00e9 de wilaya ont mis fin aux activit\u00e9s n\u00e9fastes d\u2019un r\u00e9seau r\u00e9gional, sp\u00e9cialis\u00e9 dans la vente de comprim\u00e9s psychotropes, qui commercialisait des drogues de toutes sortes au<\/div>\n<p>Auteur:<br \/>\n<a href=\"https:\/\/www.lesoirdalgerie.com\/regions\/demantelement-dun-reseau-regional-de-dealers-64513\">Cliquez ici pour lire l&rsquo;article depuis sa source.<\/a><\/p>\n","protected":false},"excerpt":{"rendered":"<p>Les \u00e9l\u00e9ments de la Brigade mobile de la police judiciaire (BMPJ) relevant de la S\u00fbret\u00e9 de wilaya ont mis fin aux activit\u00e9s n\u00e9fastes d\u2019un r\u00e9seau r\u00e9gional, sp\u00e9cialis\u00e9 dans la vente de comprim\u00e9s psychotropes, qui commercialisait des drogues de toutes sortes au Auteur: Cliquez ici pour lire l&rsquo;article depuis sa source.<\/p>\n","protected":false},"author":1741,"featured_media":0,"comment_status":"closed","ping_status":"closed","sticky":false,"template":"","format":"standard","meta":{"fifu_image_url":"","fifu_image_alt":"","footnotes":""},"categories":[73,53],"tags":[],"class_list":["post-121691","post","type-post","status-publish","format-standard","hentry","category-actualite","category-algerie"],"_links":{"self":[{"href":"https:\/\/linitiative.ca\/International\/wp-json\/wp\/v2\/posts\/121691","targetHints":{"allow":["GET"]}}],"collection":[{"href":"https:\/\/linitiative.ca\/International\/wp-json\/wp\/v2\/posts"}],"about":[{"href":"https:\/\/linitiative.ca\/International\/wp-json\/wp\/v2\/types\/post"}],"author":[{"embeddable":true,"href":"https:\/\/linitiative.ca\/International\/wp-json\/wp\/v2\/users\/1741"}],"replies":[{"embeddable":true,"href":"https:\/\/linitiative.ca\/International\/wp-json\/wp\/v2\/comments?post=121691"}],"version-history":[{"count":0,"href":"https:\/\/linitiative.ca\/International\/wp-json\/wp\/v2\/posts\/121691\/revisions"}],"wp:attachment":[{"href":"https:\/\/linitiative.ca\/International\/wp-json\/wp\/v2\/media?parent=121691"}],"wp:term":[{"taxonomy":"category","embeddable":true,"href":"https:\/\/linitiative.ca\/International\/wp-json\/wp\/v2\/categories?post=121691"},{"taxonomy":"post_tag","embeddable":true,"href":"https:\/\/linitiative.ca\/International\/wp-json\/wp\/v2\/tags?post=121691"}],"curies":[{"name":"wp","href":"https:\/\/api.w.org\/{rel}","templated":true}]}}