{"id":121692,"date":"2021-07-17T06:00:00","date_gmt":"2021-07-17T10:00:00","guid":{"rendered":"https:\/\/linitiative.ca\/International\/1-mort-et-4-blesses-sur-les-rn-10-et-16\/"},"modified":"2021-07-17T06:00:00","modified_gmt":"2021-07-17T10:00:00","slug":"1-mort-et-4-blesses-sur-les-rn-10-et-16","status":"publish","type":"post","link":"https:\/\/linitiative.ca\/International\/1-mort-et-4-blesses-sur-les-rn-10-et-16\/","title":{"rendered":"1 mort et 4 bless\u00e9s sur les RN 10 et 16"},"content":{"rendered":"<div>Un jeune homme \u00e2g\u00e9 de 22 ans a perdu la vie dans un accident de la route survenu, jeudi, au douar El Taga, relevant de la commune de Taga, \u00e0 34 km \u00e0 l&rsquo;est du chef-lieu de T\u00e9bessa, a indiqu\u00e9 la Protection civile.<br \/>\nL\u2019accident mortel est survenu<\/div>\n<p>Auteur:<br \/>\n<a href=\"https:\/\/www.lesoirdalgerie.com\/regions\/1-mort-et-4-blesses-sur-les-rn-10-et-16-64512\">Cliquez ici pour lire l&rsquo;article depuis sa source.<\/a><\/p>\n","protected":false},"excerpt":{"rendered":"<p>Un jeune homme \u00e2g\u00e9 de 22 ans a perdu la vie dans un accident de la route survenu, jeudi, au douar El Taga, relevant de la commune de Taga, \u00e0 34 km \u00e0 l&rsquo;est du chef-lieu de T\u00e9bessa, a indiqu\u00e9 la Protection civile. L\u2019accident mortel est survenu Auteur: Cliquez ici pour lire l&rsquo;article depuis sa [&hellip;]<\/p>\n","protected":false},"author":1741,"featured_media":0,"comment_status":"closed","ping_status":"closed","sticky":false,"template":"","format":"standard","meta":{"fifu_image_url":"","fifu_image_alt":"","footnotes":""},"categories":[73,53],"tags":[],"class_list":["post-121692","post","type-post","status-publish","format-standard","hentry","category-actualite","category-algerie"],"_links":{"self":[{"href":"https:\/\/linitiative.ca\/International\/wp-json\/wp\/v2\/posts\/121692","targetHints":{"allow":["GET"]}}],"collection":[{"href":"https:\/\/linitiative.ca\/International\/wp-json\/wp\/v2\/posts"}],"about":[{"href":"https:\/\/linitiative.ca\/International\/wp-json\/wp\/v2\/types\/post"}],"author":[{"embeddable":true,"href":"https:\/\/linitiative.ca\/International\/wp-json\/wp\/v2\/users\/1741"}],"replies":[{"embeddable":true,"href":"https:\/\/linitiative.ca\/International\/wp-json\/wp\/v2\/comments?post=121692"}],"version-history":[{"count":0,"href":"https:\/\/linitiative.ca\/International\/wp-json\/wp\/v2\/posts\/121692\/revisions"}],"wp:attachment":[{"href":"https:\/\/linitiative.ca\/International\/wp-json\/wp\/v2\/media?parent=121692"}],"wp:term":[{"taxonomy":"category","embeddable":true,"href":"https:\/\/linitiative.ca\/International\/wp-json\/wp\/v2\/categories?post=121692"},{"taxonomy":"post_tag","embeddable":true,"href":"https:\/\/linitiative.ca\/International\/wp-json\/wp\/v2\/tags?post=121692"}],"curies":[{"name":"wp","href":"https:\/\/api.w.org\/{rel}","templated":true}]}}