{"id":121693,"date":"2021-07-17T16:40:25","date_gmt":"2021-07-17T20:40:25","guid":{"rendered":"https:\/\/linitiative.ca\/International\/risma-met-en-vente-libis-palmeraie\/"},"modified":"2021-07-17T16:40:25","modified_gmt":"2021-07-17T20:40:25","slug":"risma-met-en-vente-libis-palmeraie","status":"publish","type":"post","link":"https:\/\/linitiative.ca\/International\/risma-met-en-vente-libis-palmeraie\/","title":{"rendered":"Risma met en vente l\u2019Ibis Palmeraie"},"content":{"rendered":"<div><img decoding=\"async\" width=\"787\" height=\"392\" src=\"https:\/\/linitiative.ca\/International\/wp-content\/uploads\/sites\/23\/2021\/07\/ice-37852-68602778_3XL-837220.jpg\" class=\"attachment-post-thumbnail size-post-thumbnail wp-post-image\" alt=\"\" loading=\"lazy\" srcset=\"https:\/\/linitiative.ca\/International\/wp-content\/uploads\/sites\/23\/2021\/07\/ice-37852-68602778_3XL-837220.jpg 787w, https:\/\/www.challenge.ma\/wp-content\/uploads\/2021\/07\/ice-37852-68602778_3XL-837220-300x149.jpg 300w, https:\/\/www.challenge.ma\/wp-content\/uploads\/2021\/07\/ice-37852-68602778_3XL-837220-768x383.jpg 768w, https:\/\/www.challenge.ma\/wp-content\/uploads\/2021\/07\/ice-37852-68602778_3XL-837220-360x179.jpg 360w, https:\/\/www.challenge.ma\/wp-content\/uploads\/2021\/07\/ice-37852-68602778_3XL-837220-750x374.jpg 750w\" sizes=\"auto, (max-width: 787px) 100vw, 787px\" itemprop=\"image\">Trois ans apr\u00e8s avoir pris de court la communaut\u00e9 financi\u00e8re en se d\u00e9lestant d\u2019un seul coup de trois h\u00f4tels Ibis, Risma, l\u2019entit\u00e9 qui porte les actifs du groupe Accor au Maroc met en vente une autre unit\u00e9 h\u00f4teli\u00e8re portant l\u2019enseigne phare du portefeuille de marques \u00e9conomiques de son partenaire m\u00e9tier.<\/div>\n<p>Auteur: challenge<br \/>\n<a href=\"https:\/\/www.challenge.ma\/risma-met-en-vente-libis-palmeraie-192933\/\">Cliquez ici pour lire l&rsquo;article depuis sa source.<\/a><\/p>\n","protected":false},"excerpt":{"rendered":"<p>Trois ans apr\u00e8s avoir pris de court la communaut\u00e9 financi\u00e8re en se d\u00e9lestant d\u2019un seul coup de trois h\u00f4tels Ibis, Risma, l\u2019entit\u00e9 qui porte les actifs du groupe Accor au Maroc met en vente une autre unit\u00e9 h\u00f4teli\u00e8re portant l\u2019enseigne phare du portefeuille de marques \u00e9conomiques de son partenaire m\u00e9tier. Auteur: challenge Cliquez ici pour [&hellip;]<\/p>\n","protected":false},"author":1787,"featured_media":0,"comment_status":"closed","ping_status":"closed","sticky":false,"template":"","format":"standard","meta":{"fifu_image_url":"https:\/\/www.challenge.ma\/wp-content\/uploads\/2021\/07\/ice-37852-68602778_3XL-837220.jpg","fifu_image_alt":"Risma met en vente l\u2019Ibis Palmeraie","footnotes":""},"categories":[78,54],"tags":[],"class_list":["post-121693","post","type-post","status-publish","format-standard","hentry","category-economie","category-maroc"],"_links":{"self":[{"href":"https:\/\/linitiative.ca\/International\/wp-json\/wp\/v2\/posts\/121693","targetHints":{"allow":["GET"]}}],"collection":[{"href":"https:\/\/linitiative.ca\/International\/wp-json\/wp\/v2\/posts"}],"about":[{"href":"https:\/\/linitiative.ca\/International\/wp-json\/wp\/v2\/types\/post"}],"author":[{"embeddable":true,"href":"https:\/\/linitiative.ca\/International\/wp-json\/wp\/v2\/users\/1787"}],"replies":[{"embeddable":true,"href":"https:\/\/linitiative.ca\/International\/wp-json\/wp\/v2\/comments?post=121693"}],"version-history":[{"count":0,"href":"https:\/\/linitiative.ca\/International\/wp-json\/wp\/v2\/posts\/121693\/revisions"}],"wp:attachment":[{"href":"https:\/\/linitiative.ca\/International\/wp-json\/wp\/v2\/media?parent=121693"}],"wp:term":[{"taxonomy":"category","embeddable":true,"href":"https:\/\/linitiative.ca\/International\/wp-json\/wp\/v2\/categories?post=121693"},{"taxonomy":"post_tag","embeddable":true,"href":"https:\/\/linitiative.ca\/International\/wp-json\/wp\/v2\/tags?post=121693"}],"curies":[{"name":"wp","href":"https:\/\/api.w.org\/{rel}","templated":true}]}}