{"id":121695,"date":"2021-07-17T16:47:20","date_gmt":"2021-07-17T20:47:20","guid":{"rendered":"https:\/\/linitiative.ca\/International\/tunisie-derniere-minute-mechichi-convoque-une-cellule-de-crise-au-ministere-de-la-sante\/"},"modified":"2021-07-17T16:47:20","modified_gmt":"2021-07-17T20:47:20","slug":"tunisie-derniere-minute-mechichi-convoque-une-cellule-de-crise-au-ministere-de-la-sante","status":"publish","type":"post","link":"https:\/\/linitiative.ca\/International\/tunisie-derniere-minute-mechichi-convoque-une-cellule-de-crise-au-ministere-de-la-sante\/","title":{"rendered":"Tunisie \u2013 DERNIERE MINUTE\u00a0: Mechichi convoque une cellule de crise au minist\u00e8re de la sant\u00e9"},"content":{"rendered":"<div>\n<p>Le chef du gouvernement, Hichem Mechichi, pr\u00e9side, cette nuit une r\u00e9union urgente de la cellule de crise qu\u2019il vient de convoquer, au si\u00e8ge du minist\u00e8re de la sant\u00e9, pour \u00e9tudier la situation actuelle des stocks disponible en oxyg\u00e8ne m\u00e9dical, et les possibilit\u00e9s de rem\u00e9dier \u00e0 tout \u00e9ventuel manque, ainsi que la situation g\u00e9n\u00e9rale dans les [\u2026]<\/p>\n<p>L\u2019article <a href=\"https:\/\/www.tunisienumerique.com\/tunisie-derniere-minute-mechichi-convoque-une-cellule-de-crise-au-ministere-de-la-sante\/\">Tunisie \u2013 DERNIERE MINUTE\u00a0: Mechichi convoque une cellule de crise au minist\u00e8re de la sant\u00e9<\/a> est apparu en premier sur <a href=\"http:\/\/www.tunisienumerique.com\/\">Tunisie<\/a>.<\/p>\n<\/div>\n<p>Auteur: LM<br \/>\n<a href=\"https:\/\/www.tunisienumerique.com\/tunisie-derniere-minute-mechichi-convoque-une-cellule-de-crise-au-ministere-de-la-sante\/\">Cliquez ici pour lire l&rsquo;article depuis sa source.<\/a><\/p>\n","protected":false},"excerpt":{"rendered":"<p>Le chef du gouvernement, Hichem Mechichi, pr\u00e9side, cette nuit une r\u00e9union urgente de la cellule de crise qu\u2019il vient de convoquer, au si\u00e8ge du minist\u00e8re de la sant\u00e9, pour \u00e9tudier la situation actuelle des stocks disponible en oxyg\u00e8ne m\u00e9dical, et les possibilit\u00e9s de rem\u00e9dier \u00e0 tout \u00e9ventuel manque, ainsi que la situation g\u00e9n\u00e9rale dans les [&hellip;]<\/p>\n","protected":false},"author":1789,"featured_media":0,"comment_status":"closed","ping_status":"closed","sticky":false,"template":"","format":"standard","meta":{"fifu_image_url":"","fifu_image_alt":"","footnotes":""},"categories":[73,55],"tags":[],"class_list":["post-121695","post","type-post","status-publish","format-standard","hentry","category-actualite","category-tunisie"],"_links":{"self":[{"href":"https:\/\/linitiative.ca\/International\/wp-json\/wp\/v2\/posts\/121695","targetHints":{"allow":["GET"]}}],"collection":[{"href":"https:\/\/linitiative.ca\/International\/wp-json\/wp\/v2\/posts"}],"about":[{"href":"https:\/\/linitiative.ca\/International\/wp-json\/wp\/v2\/types\/post"}],"author":[{"embeddable":true,"href":"https:\/\/linitiative.ca\/International\/wp-json\/wp\/v2\/users\/1789"}],"replies":[{"embeddable":true,"href":"https:\/\/linitiative.ca\/International\/wp-json\/wp\/v2\/comments?post=121695"}],"version-history":[{"count":0,"href":"https:\/\/linitiative.ca\/International\/wp-json\/wp\/v2\/posts\/121695\/revisions"}],"wp:attachment":[{"href":"https:\/\/linitiative.ca\/International\/wp-json\/wp\/v2\/media?parent=121695"}],"wp:term":[{"taxonomy":"category","embeddable":true,"href":"https:\/\/linitiative.ca\/International\/wp-json\/wp\/v2\/categories?post=121695"},{"taxonomy":"post_tag","embeddable":true,"href":"https:\/\/linitiative.ca\/International\/wp-json\/wp\/v2\/tags?post=121695"}],"curies":[{"name":"wp","href":"https:\/\/api.w.org\/{rel}","templated":true}]}}