{"id":121696,"date":"2021-07-17T16:54:11","date_gmt":"2021-07-17T20:54:11","guid":{"rendered":"https:\/\/linitiative.ca\/International\/tunisie-le-ferry-salambo-se-dirige-vers-le-port-de-genes-pour-acheminer-de-loxygene\/"},"modified":"2021-07-17T16:54:11","modified_gmt":"2021-07-17T20:54:11","slug":"tunisie-le-ferry-salambo-se-dirige-vers-le-port-de-genes-pour-acheminer-de-loxygene","status":"publish","type":"post","link":"https:\/\/linitiative.ca\/International\/tunisie-le-ferry-salambo-se-dirige-vers-le-port-de-genes-pour-acheminer-de-loxygene\/","title":{"rendered":"Tunisie : Le ferry \u201cSalambo\u201d se dirige vers le port de G\u00eanes pour acheminer de l\u2019oxyg\u00e8ne"},"content":{"rendered":"<div>\n<p>La Compagnie Tunisienne de Navigation -CTN a indiqu\u00e9 dans un communiqu\u00e9 publi\u00e9 sur sa page ce samedi 17 juillet 2021, que le ferry Salammb\u00f4 a quitt\u00e9 le port de Livourne vers 17H30 sans charger compl\u00e8tement sa cargaison et se dirige actuellement vers le port de G\u00eanes pour accostage vers minuit dans le but du chargement [\u2026]<\/p>\n<p>L\u2019article <a href=\"https:\/\/www.tunisienumerique.com\/tunisie-le-ferry-salambo-se-dirige-vers-le-port-de-genes-pour-acheminer-de-loxygene\/\">Tunisie : Le ferry \u201cSalambo\u201d se dirige vers le port de G\u00eanes pour acheminer de l\u2019oxyg\u00e8ne<\/a> est apparu en premier sur <a href=\"http:\/\/www.tunisienumerique.com\/\">Tunisie<\/a>.<\/p>\n<\/div>\n<p>Auteur: rania ben slimane<br \/>\n<a href=\"https:\/\/www.tunisienumerique.com\/tunisie-le-ferry-salambo-se-dirige-vers-le-port-de-genes-pour-acheminer-de-loxygene\/\">Cliquez ici pour lire l&rsquo;article depuis sa source.<\/a><\/p>\n","protected":false},"excerpt":{"rendered":"<p>La Compagnie Tunisienne de Navigation -CTN a indiqu\u00e9 dans un communiqu\u00e9 publi\u00e9 sur sa page ce samedi 17 juillet 2021, que le ferry Salammb\u00f4 a quitt\u00e9 le port de Livourne vers 17H30 sans charger compl\u00e8tement sa cargaison et se dirige actuellement vers le port de G\u00eanes pour accostage vers minuit dans le but du chargement [&hellip;]<\/p>\n","protected":false},"author":1789,"featured_media":0,"comment_status":"closed","ping_status":"closed","sticky":false,"template":"","format":"standard","meta":{"fifu_image_url":"","fifu_image_alt":"","footnotes":""},"categories":[73,55],"tags":[],"class_list":["post-121696","post","type-post","status-publish","format-standard","hentry","category-actualite","category-tunisie"],"_links":{"self":[{"href":"https:\/\/linitiative.ca\/International\/wp-json\/wp\/v2\/posts\/121696","targetHints":{"allow":["GET"]}}],"collection":[{"href":"https:\/\/linitiative.ca\/International\/wp-json\/wp\/v2\/posts"}],"about":[{"href":"https:\/\/linitiative.ca\/International\/wp-json\/wp\/v2\/types\/post"}],"author":[{"embeddable":true,"href":"https:\/\/linitiative.ca\/International\/wp-json\/wp\/v2\/users\/1789"}],"replies":[{"embeddable":true,"href":"https:\/\/linitiative.ca\/International\/wp-json\/wp\/v2\/comments?post=121696"}],"version-history":[{"count":0,"href":"https:\/\/linitiative.ca\/International\/wp-json\/wp\/v2\/posts\/121696\/revisions"}],"wp:attachment":[{"href":"https:\/\/linitiative.ca\/International\/wp-json\/wp\/v2\/media?parent=121696"}],"wp:term":[{"taxonomy":"category","embeddable":true,"href":"https:\/\/linitiative.ca\/International\/wp-json\/wp\/v2\/categories?post=121696"},{"taxonomy":"post_tag","embeddable":true,"href":"https:\/\/linitiative.ca\/International\/wp-json\/wp\/v2\/tags?post=121696"}],"curies":[{"name":"wp","href":"https:\/\/api.w.org\/{rel}","templated":true}]}}