{"id":121698,"date":"2021-07-17T17:09:58","date_gmt":"2021-07-17T21:09:58","guid":{"rendered":"https:\/\/linitiative.ca\/International\/beja-video-le-directeur-regional-de-la-sante-met-en-garde-une-cinquieme-vague-virale\/"},"modified":"2021-07-17T17:09:58","modified_gmt":"2021-07-17T21:09:58","slug":"beja-video-le-directeur-regional-de-la-sante-met-en-garde-une-cinquieme-vague-virale","status":"publish","type":"post","link":"https:\/\/linitiative.ca\/International\/beja-video-le-directeur-regional-de-la-sante-met-en-garde-une-cinquieme-vague-virale\/","title":{"rendered":"B\u00e9ja [VIDEO]: Le directeur r\u00e9gional de la sant\u00e9 met en garde une cinqui\u00e8me vague virale"},"content":{"rendered":"<div>\n<p>Le Directeur R\u00e9gional de la Sant\u00e9 \u00e0 B\u00e9ja, Elyes Ammar a mis l\u2019accent lors d\u2019une interview transmise en direct sur la page de Tunisienumerique, sur la gravit\u00e9 de la situation \u00e9pid\u00e9miologique dans la r\u00e9gion, notamment avec l\u2019augmentation continue du nombre de patients Covid-19 hospitalis\u00e9s. Ammar a \u00e9galement appel\u00e9 tous les citoyens \u00e0 respecter les mesures [\u2026]<\/p>\n<p>L\u2019article <a href=\"https:\/\/www.tunisienumerique.com\/beja-video-le-directeur-regional-de-la-sante-met-en-garde-une-cinquieme-vague-virale\/\">B\u00e9ja [VIDEO]: Le directeur r\u00e9gional de la sant\u00e9 met en garde une cinqui\u00e8me vague virale<\/a> est apparu en premier sur <a href=\"http:\/\/www.tunisienumerique.com\/\">Tunisie<\/a>.<\/p>\n<\/div>\n<p>Auteur: rania ben slimane<br \/>\n<a href=\"https:\/\/www.tunisienumerique.com\/beja-video-le-directeur-regional-de-la-sante-met-en-garde-une-cinquieme-vague-virale\/\">Cliquez ici pour lire l&rsquo;article depuis sa source.<\/a><\/p>\n","protected":false},"excerpt":{"rendered":"<p>Le Directeur R\u00e9gional de la Sant\u00e9 \u00e0 B\u00e9ja, Elyes Ammar a mis l\u2019accent lors d\u2019une interview transmise en direct sur la page de Tunisienumerique, sur la gravit\u00e9 de la situation \u00e9pid\u00e9miologique dans la r\u00e9gion, notamment avec l\u2019augmentation continue du nombre de patients Covid-19 hospitalis\u00e9s. Ammar a \u00e9galement appel\u00e9 tous les citoyens \u00e0 respecter les mesures [&hellip;]<\/p>\n","protected":false},"author":1789,"featured_media":0,"comment_status":"closed","ping_status":"closed","sticky":false,"template":"","format":"standard","meta":{"fifu_image_url":"","fifu_image_alt":"","footnotes":""},"categories":[73,55],"tags":[],"class_list":["post-121698","post","type-post","status-publish","format-standard","hentry","category-actualite","category-tunisie"],"_links":{"self":[{"href":"https:\/\/linitiative.ca\/International\/wp-json\/wp\/v2\/posts\/121698","targetHints":{"allow":["GET"]}}],"collection":[{"href":"https:\/\/linitiative.ca\/International\/wp-json\/wp\/v2\/posts"}],"about":[{"href":"https:\/\/linitiative.ca\/International\/wp-json\/wp\/v2\/types\/post"}],"author":[{"embeddable":true,"href":"https:\/\/linitiative.ca\/International\/wp-json\/wp\/v2\/users\/1789"}],"replies":[{"embeddable":true,"href":"https:\/\/linitiative.ca\/International\/wp-json\/wp\/v2\/comments?post=121698"}],"version-history":[{"count":0,"href":"https:\/\/linitiative.ca\/International\/wp-json\/wp\/v2\/posts\/121698\/revisions"}],"wp:attachment":[{"href":"https:\/\/linitiative.ca\/International\/wp-json\/wp\/v2\/media?parent=121698"}],"wp:term":[{"taxonomy":"category","embeddable":true,"href":"https:\/\/linitiative.ca\/International\/wp-json\/wp\/v2\/categories?post=121698"},{"taxonomy":"post_tag","embeddable":true,"href":"https:\/\/linitiative.ca\/International\/wp-json\/wp\/v2\/tags?post=121698"}],"curies":[{"name":"wp","href":"https:\/\/api.w.org\/{rel}","templated":true}]}}