{"id":121700,"date":"2021-07-17T08:00:01","date_gmt":"2021-07-17T12:00:01","guid":{"rendered":"https:\/\/linitiative.ca\/International\/jo-tokyo-2020-7-etalons-pour-hisser-haut-les-couleurs-nationales\/"},"modified":"2021-07-17T08:00:01","modified_gmt":"2021-07-17T12:00:01","slug":"jo-tokyo-2020-7-etalons-pour-hisser-haut-les-couleurs-nationales","status":"publish","type":"post","link":"https:\/\/linitiative.ca\/International\/jo-tokyo-2020-7-etalons-pour-hisser-haut-les-couleurs-nationales\/","title":{"rendered":"JO Tokyo 2020 : 7 Etalons pour hisser haut les couleurs nationales"},"content":{"rendered":"<div>\n<p>Sept (07) athl\u00e8tes repr\u00e9sentent le Burkina \u00e0 Tokyo pour les Jeux Olympiques, du 23 juillet au 08 aout 2021.<\/p>\n<p>Voici les 9 grandes dates par discipline pour les athl\u00e8tes Burkinab\u00e8 durant les 17 jours de comp\u00e9tition.<\/p>\n<p>Cyclisme : Paul Daumont<br \/>\nSamedi 24 juillet : cyclisme sur route<br \/>\nMercredi 28 juillet : le contre la montre<\/p>\n<p>Judo : Leblanc Lucas Diallo<br \/>\nDimanche 26 juillet : Homme -73 kg, tour \u00e0 \u00e9limination direct<\/p>\n<p><img decoding=\"async\" loading=\"lazy\" class=\"alignnone wp-image-37663\" src=\"https:\/\/linitiative.ca\/International\/wp-content\/uploads\/sites\/23\/2021\/07\/JO-BURKINABE-300x225-1.jpg\" alt=\"\" width=\"591\" height=\"443\" srcset=\"https:\/\/linitiative.ca\/International\/wp-content\/uploads\/sites\/23\/2021\/07\/JO-BURKINABE-300x225-1.jpg 300w, https:\/\/www.sidwaya.info\/wp-content\/uploads\/2021\/07\/JO-BURKINABE-150x112.jpg 150w, https:\/\/www.sidwaya.info\/wp-content\/uploads\/2021\/07\/JO-BURKINABE-696x521.jpg 696w, https:\/\/www.sidwaya.info\/wp-content\/uploads\/2021\/07\/JO-BURKINABE-561x420.jpg 561w, https:\/\/www.sidwaya.info\/wp-content\/uploads\/2021\/07\/JO-BURKINABE-80x60.jpg 80w, https:\/\/www.sidwaya.info\/wp-content\/uploads\/2021\/07\/JO-BURKINABE-265x198.jpg 265w, https:\/\/www.sidwaya.info\/wp-content\/uploads\/2021\/07\/JO-BURKINABE.jpg 720w\" sizes=\"auto, (max-width: 591px) 100vw, 591px\"><\/p>\n<p>Taekwondo : Sawadogo Fay\u00e7al<br \/>\nDimanche 26 juillet : Hommes -80 kg<\/p>\n<p>Natation :<br \/>\nVendredi 30 juillet : Angelika Sita Ou\u00e9draogo, 50 m\u00e8tres nage libre Femmes<br \/>\nDimanche 1er aout : Adama Ou\u00e9draogo, 50 m\u00e8tres nage libre Hommes<\/p>\n<p>Athl\u00e9tisme :<br \/>\nSamedi 31 juillet : Marthe Yasmine Koala, 100 m haies Femmes<\/p>\n<p>Mardi 03 aout : Hugues Fabrice Zango, Triple saut Hommes<\/p>\n<p>Mercredi 04 aout : Marthe Yasmine Koala, heptathlon Femmes<\/p>\n<p>Jeudi 05 aout : Finale triple saut<br \/>\nBonne chance aux Etalons.<\/p>\n<p><strong>DCPM\/MSL<\/strong><\/p>\n<p>\u00a0<\/p>\n<p>L\u2019article <a rel=\"nofollow\" href=\"https:\/\/www.sidwaya.info\/blog\/2021\/07\/17\/jo-tokyo-2020-7-etalons-pour-hisser-haut-les-couleurs-nationales\/\">JO Tokyo 2020 : 7 Etalons pour hisser haut les couleurs nationales<\/a> est apparu en premier sur <a rel=\"nofollow\" href=\"https:\/\/www.sidwaya.info\/\">Quotidien Sidwaya<\/a>.<\/p>\n<\/div>\n<p>Auteur: Wamini SIDWAYA<br \/>\n<a href=\"https:\/\/www.sidwaya.info\/blog\/2021\/07\/17\/jo-tokyo-2020-7-etalons-pour-hisser-haut-les-couleurs-nationales\/\">Cliquez ici pour lire l&rsquo;article depuis sa source.<\/a><\/p>\n","protected":false},"excerpt":{"rendered":"<p>Sept (07) athl\u00e8tes repr\u00e9sentent le Burkina \u00e0 Tokyo pour les Jeux Olympiques, du 23 juillet au 08 aout 2021. Voici les 9 grandes dates par discipline pour les athl\u00e8tes Burkinab\u00e8 durant les 17 jours de comp\u00e9tition. Cyclisme : Paul Daumont Samedi 24 juillet : cyclisme sur route Mercredi 28 juillet : le contre la montre [&hellip;]<\/p>\n","protected":false},"author":1816,"featured_media":0,"comment_status":"closed","ping_status":"closed","sticky":false,"template":"","format":"standard","meta":{"fifu_image_url":"https:\/\/www.sidwaya.info\/wp-content\/uploads\/2021\/07\/JO-BURKINABE-300x225.jpg","fifu_image_alt":"JO Tokyo 2020 : 7 Etalons pour hisser haut les couleurs nationales","footnotes":""},"categories":[73,81],"tags":[],"class_list":["post-121700","post","type-post","status-publish","format-standard","hentry","category-actualite","category-burkina-faso"],"_links":{"self":[{"href":"https:\/\/linitiative.ca\/International\/wp-json\/wp\/v2\/posts\/121700","targetHints":{"allow":["GET"]}}],"collection":[{"href":"https:\/\/linitiative.ca\/International\/wp-json\/wp\/v2\/posts"}],"about":[{"href":"https:\/\/linitiative.ca\/International\/wp-json\/wp\/v2\/types\/post"}],"author":[{"embeddable":true,"href":"https:\/\/linitiative.ca\/International\/wp-json\/wp\/v2\/users\/1816"}],"replies":[{"embeddable":true,"href":"https:\/\/linitiative.ca\/International\/wp-json\/wp\/v2\/comments?post=121700"}],"version-history":[{"count":0,"href":"https:\/\/linitiative.ca\/International\/wp-json\/wp\/v2\/posts\/121700\/revisions"}],"wp:attachment":[{"href":"https:\/\/linitiative.ca\/International\/wp-json\/wp\/v2\/media?parent=121700"}],"wp:term":[{"taxonomy":"category","embeddable":true,"href":"https:\/\/linitiative.ca\/International\/wp-json\/wp\/v2\/categories?post=121700"},{"taxonomy":"post_tag","embeddable":true,"href":"https:\/\/linitiative.ca\/International\/wp-json\/wp\/v2\/tags?post=121700"}],"curies":[{"name":"wp","href":"https:\/\/api.w.org\/{rel}","templated":true}]}}