{"id":121702,"date":"2021-07-17T02:30:08","date_gmt":"2021-07-17T06:30:08","guid":{"rendered":"https:\/\/linitiative.ca\/International\/cameroun-le-cortege-de-vehicules-didriss-carlos-kameni-fait-un-mort-a-bangangte\/"},"modified":"2021-07-17T02:30:08","modified_gmt":"2021-07-17T06:30:08","slug":"cameroun-le-cortege-de-vehicules-didriss-carlos-kameni-fait-un-mort-a-bangangte","status":"publish","type":"post","link":"https:\/\/linitiative.ca\/International\/cameroun-le-cortege-de-vehicules-didriss-carlos-kameni-fait-un-mort-a-bangangte\/","title":{"rendered":"Cameroun : le cort\u0117ge de v\u00e9hicules d\u2019Idriss Carlos Kameni fait un mort \u00e0 Bangangt\u00e9"},"content":{"rendered":"<div>\n<p><img loading=\"lazy\" decoding=\"async\" width=\"800\" height=\"480\" src=\"https:\/\/linitiative.ca\/International\/wp-content\/uploads\/sites\/23\/2021\/07\/Kameni.jpg\" class=\"attachment-post-thumbnail size-post-thumbnail wp-post-image\" alt=\"\" srcset=\"https:\/\/linitiative.ca\/International\/wp-content\/uploads\/sites\/23\/2021\/07\/Kameni.jpg 800w, https:\/\/www.journalducameroun.com\/wp-content\/uploads\/2021\/04\/Kameni-300x180.jpg 300w, https:\/\/www.journalducameroun.com\/wp-content\/uploads\/2021\/04\/Kameni-768x461.jpg 768w, https:\/\/www.journalducameroun.com\/wp-content\/uploads\/2021\/04\/Kameni-733x440.jpg 733w, https:\/\/www.journalducameroun.com\/wp-content\/uploads\/2021\/04\/Kameni-600x360.jpg 600w\" sizes=\"auto, (max-width: 800px) 100vw, 800px\"><\/p>\n<h5 style=\"text-align: justify;\">Le footballeur et ses proches revenaient le 16 juillet 2021 de Bafang, dans le Haut-Nkam, lorsque l&rsquo;une des voitures est all\u00e9e percuter un pi\u00e9ton sur le trottoir.<\/h5>\n<p style=\"text-align: justify;\">Le mort des suites d&rsquo;accident a \u00e9t\u00e9 conduit \u00e0 la morgue par les soins de l&rsquo;international camerounais. Selon les premiers t\u00e9moignages, le footballeur revenait de son village dans le Haut-Nkam accompagn\u00e9 de nombreux proches, lorsque l&rsquo;un des v\u00e9hicules de son cort\u0117ge, dit-on surpris\u00a0\u00a0de la pr\u00e9sence d&rsquo;un dos d&rsquo;\u00e2ne, a violemment percut\u00e9 un pi\u00e9ton.<\/p>\n<p style=\"text-align: justify;\">Joint au t\u00e9l\u00e9phone hier soir par notre confr\u00e8re \u00c9mile Zola Nd\u00e9 Tchoussi, Idriss Carlos Kameni sous le choc a confi\u00e9 que la d\u00e9pouille a \u00e9t\u00e9 plac\u00e9e \u00e0 la morgue de l&rsquo;H\u00f4pital de Bangangt\u00e9 o\u00f9 s&rsquo;est produit le drame. Le gardien de but dit avoir ensuite rejoint la capitale Yaound\u00e9, et compte retourner sur les lieux lundi 19 juillet pour l&rsquo;organisation des obs\u00e8ques de la malheureuse victime.<\/p>\n<p style=\"text-align: justify;\">Apr\u00e8s cet accident, le v\u00e9hicule accident\u00e9 s&rsquo;est retrouv\u00e9 dans un ravin avec tous ses occupants. Aucune perte en vie humaine d\u00e9plor\u00e9e.<\/p>\n<figure id=\"attachment_391344\" aria-describedby=\"caption-attachment-391344\" style=\"width: 720px\" class=\"wp-caption alignnone\"><img loading=\"lazy\" decoding=\"async\" class=\"wp-image-391344 size-full\" src=\"https:\/\/linitiative.ca\/International\/wp-content\/uploads\/sites\/23\/2021\/07\/IMG-20210716-WA0027.jpg\" alt=\"\" width=\"720\" height=\"540\"><figcaption id=\"caption-attachment-391344\" class=\"wp-caption-text\">V\u00e9hicule tomb\u00e9 dans le ravin<\/figcaption><\/figure>\n<p style=\"text-align: justify;\">L&rsquo;accident qui concerne Idriss Carlos Kameni arrive le lendemain de celui de l&rsquo;artiste T\u00e9nor, au volant d&rsquo;une voiture\u00a0 qui a caus\u00e9 le d\u00e9c\u00e8s d&rsquo;un passager \u00e0 bord jeudi dans la ville de\u00a0 Douala.<\/p>\n<p>Cet article <a rel=\"nofollow\" href=\"https:\/\/www.journalducameroun.com\/cameroun-le-cortege-de-vehicules-didriss-carlos-kameni-fait-un-mort-a-bangangte-cameroun\/\">Cameroun : le cort\u0117ge de v\u00e9hicules d\u2019Idriss Carlos Kameni fait un mort \u00e0 Bangangt\u00e9<\/a> est apparu en premier sur <a rel=\"nofollow\" href=\"https:\/\/www.journalducameroun.com\/\">Journal du Cameroun<\/a>.<\/p>\n<\/div>\n<p>Auteur: Christian DJIMADEU<br \/>\n<a href=\"https:\/\/www.journalducameroun.com\/cameroun-le-cortege-de-vehicules-didriss-carlos-kameni-fait-un-mort-a-bangangte-cameroun\/\">Cliquez ici pour lire l&rsquo;article depuis sa source.<\/a><\/p>\n","protected":false},"excerpt":{"rendered":"<p>Le footballeur et ses proches revenaient le 16 juillet 2021 de Bafang, dans le Haut-Nkam, lorsque l&rsquo;une des voitures est all\u00e9e percuter un pi\u00e9ton sur le trottoir. Le mort des suites d&rsquo;accident a \u00e9t\u00e9 conduit \u00e0 la morgue par les soins de l&rsquo;international camerounais. Selon les premiers t\u00e9moignages, le footballeur revenait de son village dans [&hellip;]<\/p>\n","protected":false},"author":1965,"featured_media":0,"comment_status":"closed","ping_status":"closed","sticky":false,"template":"","format":"standard","meta":{"fifu_image_url":"https:\/\/www.journalducameroun.com\/wp-content\/uploads\/2021\/04\/Kameni.jpg","fifu_image_alt":"Cameroun : le cort\u0117ge de v\u00e9hicules d\u2019Idriss Carlos Kameni fait un mort \u00e0 Bangangt\u00e9","footnotes":""},"categories":[73,82],"tags":[],"class_list":["post-121702","post","type-post","status-publish","format-standard","hentry","category-actualite","category-cameroun"],"_links":{"self":[{"href":"https:\/\/linitiative.ca\/International\/wp-json\/wp\/v2\/posts\/121702","targetHints":{"allow":["GET"]}}],"collection":[{"href":"https:\/\/linitiative.ca\/International\/wp-json\/wp\/v2\/posts"}],"about":[{"href":"https:\/\/linitiative.ca\/International\/wp-json\/wp\/v2\/types\/post"}],"author":[{"embeddable":true,"href":"https:\/\/linitiative.ca\/International\/wp-json\/wp\/v2\/users\/1965"}],"replies":[{"embeddable":true,"href":"https:\/\/linitiative.ca\/International\/wp-json\/wp\/v2\/comments?post=121702"}],"version-history":[{"count":0,"href":"https:\/\/linitiative.ca\/International\/wp-json\/wp\/v2\/posts\/121702\/revisions"}],"wp:attachment":[{"href":"https:\/\/linitiative.ca\/International\/wp-json\/wp\/v2\/media?parent=121702"}],"wp:term":[{"taxonomy":"category","embeddable":true,"href":"https:\/\/linitiative.ca\/International\/wp-json\/wp\/v2\/categories?post=121702"},{"taxonomy":"post_tag","embeddable":true,"href":"https:\/\/linitiative.ca\/International\/wp-json\/wp\/v2\/tags?post=121702"}],"curies":[{"name":"wp","href":"https:\/\/api.w.org\/{rel}","templated":true}]}}