{"id":121705,"date":"2021-07-17T03:18:02","date_gmt":"2021-07-17T07:18:02","guid":{"rendered":"https:\/\/linitiative.ca\/International\/la-sortie-de-macky-sall-sur-la-flambee-du-covid-19-a-la-une\/"},"modified":"2021-07-17T03:18:02","modified_gmt":"2021-07-17T07:18:02","slug":"la-sortie-de-macky-sall-sur-la-flambee-du-covid-19-a-la-une","status":"publish","type":"post","link":"https:\/\/linitiative.ca\/International\/la-sortie-de-macky-sall-sur-la-flambee-du-covid-19-a-la-une\/","title":{"rendered":"La sortie de Macky Sall sur la flamb\u00e9e du Covid-19 \u00e0 la Une"},"content":{"rendered":"<div>\n<p><img loading=\"lazy\" decoding=\"async\" width=\"250\" height=\"200\" src=\"https:\/\/linitiative.ca\/International\/wp-content\/uploads\/sites\/23\/2021\/07\/16265062829325.jpg\" class=\"attachment-post-thumbnail size-post-thumbnail wp-post-image\" alt=\"\"><\/p>\n<p>L&rsquo;annonce faite, hier, par le pr\u00e9sident Macky Sall de la possibilit\u00e9 de revenir aux mesures restrictives contre la propagation du nouveau coronavirus au S\u00e9n\u00e9gal fait la Une des quotidiens re\u00e7us ce samedi \u00e0 APA.\u00a0\u00bbRe-confinement et couvre-feu face \u00e0 la troisi\u00e8me vague: Macky pr\u00e9vient\u00a0\u00bb, titre Sud Quotidien, qui cite le Chef de l&rsquo;\u00c9tat:\u00a0\u00bbSi la situation l&rsquo;impose, nous reviendrons aux mesures que nous avions d\u00e9j\u00e0 connues par le pass\u00e9\u00a0\u00bb.<\/p>\n<p>\u00ab\u00a0Troisi\u00e8me vague: Si la situation l&rsquo;impose, nous allons retourner \u00e0 l&rsquo;\u00e9tat d&rsquo;urgence\u00a0\u00bb, rench\u00e9rit Macky Sall dans Vox Populi. Selon nos confr\u00e8res, le pr\u00e9sident menace de faire revenir les mesures extr\u00eames.<\/p>\n<p>Cela fait dire \u00e0 L&rsquo;As que pour freiner la flamb\u00e9e des cas de Covid-19, \u00ab\u00a0le S\u00e9n\u00e9gal (va) vers l&rsquo;\u00e9tat d&rsquo;urgence\u00a0\u00bb.<\/p>\n<p>Dans Les \u00c9chos, Macky Sall justifie sa sortie et affirme:\u00a0\u00bbLe Covid, ce n&rsquo;est pas des blagues. Si la contamination continue, on va refermer les fronti\u00e8res, interdire les d\u00e9placements. On ne peut pas laisser la maladie prendre le dessus pour constater des morts\u00a0\u00bb.<\/p>\n<p>\u00c0 propos de cette menace de reconfinement, Walf Quotidien parle de \u00ab\u00a0pari risqu\u00e9 pour Macky\u00a0\u00bb, l\u00e0 o\u00f9 Le Quotidien constate que \u00ab\u00a0Macky hausse le mou-ton\u00a0\u00bb. Faisant allusion \u00e0 la Tabaski, Le Quotidien donne la parole \u00e0 Macky Sall qui pr\u00e9conise:\u00a0\u00bbCeux qui sont \u00e0 Dakar doivent \u00e9viter les d\u00e9placements\u00a0\u00bb.<\/p>\n<p>\u00ab\u00a0Macky hausse le ton et menace\u00a0\u00bb, \u00e9crit L&rsquo;Info. Dans ce journal, le pr\u00e9sident Sall soutient:\u00a0\u00bbIl ne faut pas que ceux qui sont \u00e0 Dakar se servent de la Tabaski pour aller contaminer ceux qui sont dans les r\u00e9gions\u00a0\u00bb.<\/p>\n<p>Constatant un \u00ab\u00a0retour \u00e0 la case de d\u00e9part\u00a0\u00bb, Source A indique que \u00ab\u00a0Macky Sall menace de recourir \u00e0 l&rsquo;\u00e9tat d&rsquo;urgence si les populations ne jouent pas franc-jeu pour tuer le mortel coronavirus\u00a0\u00bb.<\/p>\n<p>\u00ab\u00a0Recrudescence des cas de Covid-19 avec le variant Delta: Macky Sall songe au confinement\u00a0\u00bb, ajoute 24 Heures.<\/p>\n<p>Le quotidien EnQu\u00eate revient sur les actes de vandalisme contre les \u00e9tablissements scolaires par des \u00e9l\u00e8ves et informe que le ministre de l&rsquo;\u00c9ducation, Mamadou Talla annonce des sanctions.<\/p>\n<p>\u00ab\u00a0Actes d&rsquo;incivisme \u00e0 l&rsquo;\u00e9cole: Talla fait la le\u00e7on aux \u00e9l\u00e8ves\u00a0\u00bb, ajoute Le Quotidien.<\/p>\n<p>Cet article <a rel=\"nofollow\" href=\"https:\/\/www.journalducameroun.com\/la-sortie-de-macky-sall-sur-la-flambee-du-covid-19-a-la-une\/\">La sortie de Macky Sall sur la flamb\u00e9e du Covid-19 \u00e0 la Une<\/a> est apparu en premier sur <a rel=\"nofollow\" href=\"https:\/\/www.journalducameroun.com\/\">Journal du Cameroun<\/a>.<\/p>\n<\/div>\n<p>Auteur: APA News<br \/>\n<a href=\"https:\/\/www.journalducameroun.com\/la-sortie-de-macky-sall-sur-la-flambee-du-covid-19-a-la-une\/\">Cliquez ici pour lire l&rsquo;article depuis sa source.<\/a><\/p>\n","protected":false},"excerpt":{"rendered":"<p>L&rsquo;annonce faite, hier, par le pr\u00e9sident Macky Sall de la possibilit\u00e9 de revenir aux mesures restrictives contre la propagation du nouveau coronavirus au S\u00e9n\u00e9gal fait la Une des quotidiens re\u00e7us ce samedi \u00e0 APA.\u00a0\u00bbRe-confinement et couvre-feu face \u00e0 la troisi\u00e8me vague: Macky pr\u00e9vient\u00a0\u00bb, titre Sud Quotidien, qui cite le Chef de l&rsquo;\u00c9tat:\u00a0\u00bbSi la situation l&rsquo;impose, [&hellip;]<\/p>\n","protected":false},"author":1965,"featured_media":0,"comment_status":"closed","ping_status":"closed","sticky":false,"template":"","format":"standard","meta":{"fifu_image_url":"https:\/\/www.journalducameroun.com\/wp-content\/uploads\/2021\/07\/16265062829325.jpg","fifu_image_alt":"La sortie de Macky Sall sur la flamb\u00e9e du Covid-19 \u00e0 la Une","footnotes":""},"categories":[73,82],"tags":[],"class_list":["post-121705","post","type-post","status-publish","format-standard","hentry","category-actualite","category-cameroun"],"_links":{"self":[{"href":"https:\/\/linitiative.ca\/International\/wp-json\/wp\/v2\/posts\/121705","targetHints":{"allow":["GET"]}}],"collection":[{"href":"https:\/\/linitiative.ca\/International\/wp-json\/wp\/v2\/posts"}],"about":[{"href":"https:\/\/linitiative.ca\/International\/wp-json\/wp\/v2\/types\/post"}],"author":[{"embeddable":true,"href":"https:\/\/linitiative.ca\/International\/wp-json\/wp\/v2\/users\/1965"}],"replies":[{"embeddable":true,"href":"https:\/\/linitiative.ca\/International\/wp-json\/wp\/v2\/comments?post=121705"}],"version-history":[{"count":0,"href":"https:\/\/linitiative.ca\/International\/wp-json\/wp\/v2\/posts\/121705\/revisions"}],"wp:attachment":[{"href":"https:\/\/linitiative.ca\/International\/wp-json\/wp\/v2\/media?parent=121705"}],"wp:term":[{"taxonomy":"category","embeddable":true,"href":"https:\/\/linitiative.ca\/International\/wp-json\/wp\/v2\/categories?post=121705"},{"taxonomy":"post_tag","embeddable":true,"href":"https:\/\/linitiative.ca\/International\/wp-json\/wp\/v2\/tags?post=121705"}],"curies":[{"name":"wp","href":"https:\/\/api.w.org\/{rel}","templated":true}]}}