{"id":121707,"date":"2021-07-17T06:18:02","date_gmt":"2021-07-17T10:18:02","guid":{"rendered":"https:\/\/linitiative.ca\/International\/le-maroc-soutient-lautodetermination-en-kabylie-lalgerie-condamne\/"},"modified":"2021-07-17T06:18:02","modified_gmt":"2021-07-17T10:18:02","slug":"le-maroc-soutient-lautodetermination-en-kabylie-lalgerie-condamne","status":"publish","type":"post","link":"https:\/\/linitiative.ca\/International\/le-maroc-soutient-lautodetermination-en-kabylie-lalgerie-condamne\/","title":{"rendered":"Le Maroc soutient l\u2019autod\u00e9termination en Kabylie, l\u2019Alg\u00e9rie condamne"},"content":{"rendered":"<div>\n<p><img loading=\"lazy\" decoding=\"async\" width=\"808\" height=\"540\" src=\"https:\/\/linitiative.ca\/International\/wp-content\/uploads\/sites\/23\/2021\/07\/16265170835648.jpg\" class=\"attachment-post-thumbnail size-post-thumbnail wp-post-image\" alt=\"\" srcset=\"https:\/\/linitiative.ca\/International\/wp-content\/uploads\/sites\/23\/2021\/07\/16265170835648.jpg 808w, https:\/\/www.journalducameroun.com\/wp-content\/uploads\/2021\/07\/16265170835648-300x200.jpg 300w, https:\/\/www.journalducameroun.com\/wp-content\/uploads\/2021\/07\/16265170835648-768x513.jpg 768w, https:\/\/www.journalducameroun.com\/wp-content\/uploads\/2021\/07\/16265170835648-658x440.jpg 658w, https:\/\/www.journalducameroun.com\/wp-content\/uploads\/2021\/07\/16265170835648-600x401.jpg 600w\" sizes=\"auto, (max-width: 808px) 100vw, 808px\"><\/p>\n<p>Le Maroc reconnait la n\u00e9cessit\u00e9 de faire jouir pleinement les Kabyles du droit \u00e0 l&rsquo;autod\u00e9termination. L&rsquo;Alg\u00e9rie \u00ab condamne \u00e9nergiquement\u00bb.Le Maroc et l&rsquo;Alg\u00e9rie sont une nouvelle fois \u00e0 couteaux tir\u00e9s. Cette fois-ci, la tension est mont\u00e9e d&rsquo;un cran. Et pour cause, la situation de la Kabylie, une vaste r\u00e9gion en Alg\u00e9rie. Le Maroc reconnait la n\u00e9cessit\u00e9 de faire jouir pleinement ce peuple de son droit \u00e0 l&rsquo;autod\u00e9termination. L&rsquo;Alg\u00e9rie \u00ab condamne \u00e9nergiquement cette d\u00e9rive particuli\u00e8rement dangereuse, y compris pour le Royaume du Maroc lui-m\u00eame dans ses fronti\u00e8res internationalement reconnues \u00bb.<\/p>\n<p>Tout a d\u00e9but\u00e9 le 13 juillet, lorsque le ministre alg\u00e9rien des Affaires \u00e9trang\u00e8res, fraichement nomm\u00e9, Ramtane Lamamra a \u00e9voqu\u00e9 la question du Sahara, lors de son intervention \u00e0 l&rsquo;occasion de la r\u00e9union du Mouvement des Pays non Align\u00e9s. Cette question n&rsquo;\u00e9tait ni inscrite \u00e0 l&rsquo;ordre du jour de la r\u00e9union, ni en liaison avec son th\u00e8me. Mais l&rsquo;Alg\u00e9rie, fervent d\u00e9fenseur de cette question ne rate pas une seule occasion pour l&rsquo;\u00e9voquer et plaider pour \u00ab l&rsquo;autod\u00e9termination du peuple sahraoui \u00bb, chose que le Maroc consid\u00e8re comme ing\u00e9rence dans ses affaires internes et une animosit\u00e9 \u00e0 l&rsquo;\u00e9gard du peuple marocain pour qui le Sahara fait partie int\u00e9grante du territoire du pays.<\/p>\n<p>En r\u00e9action aux propos de Lamamra, le Repr\u00e9sentant permanent du Royaume \u00e0 l&rsquo;ONU, Omar Hilale n&rsquo;y est pas all\u00e9 de main morte en indiquant que \u00ab cette r\u00e9publique fantomatique (RASD), n&rsquo;est qu&rsquo;une entit\u00e9 fictive, cr\u00e9\u00e9e, financ\u00e9e, arm\u00e9e et entretenue par l&rsquo;Alg\u00e9rie, afin de mettre en \u0153uvre son agenda g\u00e9opolitique r\u00e9gional \u00bb.<\/p>\n<p>Exer\u00e7ant le droit de r\u00e9ponse, le diplomate a pr\u00e9cis\u00e9 dans une note adress\u00e9e \u00e0 la pr\u00e9sidence az\u00e9rie du Mouvement, et circul\u00e9e \u00e0 l&rsquo;ensemble des membres, que \u00ab cette r\u00e9publique fantomatique \u00bb ne dispose d&rsquo;aucune reconnaissance \u00ab ni de facto ni de jure \u00bb, \u00ab ni par le Conseil de s\u00e9curit\u00e9 de l&rsquo;ONU, ni l&rsquo;Assembl\u00e9e G\u00e9n\u00e9rale, ni le MNA, ni le G77+ Chine, ni l&rsquo;Organisation de la Coop\u00e9ration Islamique, ni la Ligue Arabe, ni l&rsquo;Organisation Internationale de la Francophonie, ni l&rsquo;Union du Maghreb Arabe \u00bb.<\/p>\n<p>Par ailleurs, il a remis sur la table la question du peuple Kabyle, en faisant observer que le ministre alg\u00e9rien, qui \u00ab se dresse en fervent d\u00e9fenseur du droit \u00e0 l&rsquo;autod\u00e9termination, refuse ce m\u00eame droit au peuple Kabyle, l&rsquo;un des peuples les plus anciens d&rsquo;Afrique, qui subit la plus longue occupation \u00e9trang\u00e8re \u00bb. Et d&rsquo;ajouter que \u00ab l&rsquo;autod\u00e9termination n&rsquo;est pas un principe \u00e0 la carte. C&rsquo;est pourquoi le vaillant peuple Kabyle m\u00e9rite, plus que tout autre, de jouir pleinement de son droit \u00e0 l&rsquo;autod\u00e9termination \u00bb.<\/p>\n<p>Le minist\u00e8re alg\u00e9rien des Affaires \u00e9trang\u00e8res est sorti de ses gonds. R\u00e9agissant \u00e0 ces propos, la diplomatie alg\u00e9rienne a, dans un communiqu\u00e9, consid\u00e9r\u00e9 qu&rsquo;il s&rsquo;agit d&rsquo;une \u00ab reconnaissance de culpabilit\u00e9 en ce qui concerne le soutien marocain multiforme actuellement accord\u00e9 \u00e0 un groupe terroriste connu, comme cela a \u00e9t\u00e9 le cas du soutien aux groupes terroristes qui ont ensanglant\u00e9 l&rsquo;Alg\u00e9rie durant la +d\u00e9cennie noire+\u00bb.<\/p>\n<p>Le texte fait r\u00e9f\u00e9rence au classement par le pouvoir alg\u00e9rien, en avril dernier, du Mouvement pour l&rsquo;autod\u00e9termination de la Kabylie (MAK), en tant qu&rsquo;organisation terroriste au m\u00eame titre que le mouvement islamiste Rachad, proche de la Turquie et du Qatar.<\/p>\n<p>Le minist\u00e8re estime que la \u00ab communication diplomatique marocaine est aventuriste, irresponsable et manipulatrice (\u2026) destin\u00e9e \u00e0 cultiver un amalgame outrancier entre une question de d\u00e9colonisation d\u00fbment reconnue comme telle par la communaut\u00e9 internationale et ce qui n&rsquo;est qu&rsquo;un complot dirig\u00e9 contre l&rsquo;unit\u00e9 de la nation alg\u00e9rienne \u00bb.<\/p>\n<p>Alger a soulign\u00e9 que la r\u00e9ponse du Maroc \u00e0 l&rsquo;intervention de Ramtane Lamamra, \u00ab heurte frontalement les principes et les accords qui structurent et inspirent les relations alg\u00e9ro-marocaines. Elle constitue une violation flagrante du droit international et de l&rsquo;Acte Constitutif de l&rsquo;Union africaine \u00bb.<\/p>\n<p>Et de conclure : \u00ab Dans la situation ainsi cr\u00e9\u00e9e par un acte diplomatique douteux commis par un ambassadeur, l&rsquo;Alg\u00e9rie, R\u00e9publique souveraine et indivisible, est en droit d&rsquo;attendre une clarification de la position d\u00e9finitive du Royaume du Maroc sur cet incident d&rsquo;une gravit\u00e9 extr\u00eame \u00bb.<\/p>\n<p>Cet article <a rel=\"nofollow\" href=\"https:\/\/www.journalducameroun.com\/le-maroc-soutient-lautodetermination-en-kabylie-lalgerie-condamne\/\">Le Maroc soutient l\u2019autod\u00e9termination en Kabylie, l\u2019Alg\u00e9rie condamne<\/a> est apparu en premier sur <a rel=\"nofollow\" href=\"https:\/\/www.journalducameroun.com\/\">Journal du Cameroun<\/a>.<\/p>\n<\/div>\n<p>Auteur: APA News<br \/>\n<a href=\"https:\/\/www.journalducameroun.com\/le-maroc-soutient-lautodetermination-en-kabylie-lalgerie-condamne\/\">Cliquez ici pour lire l&rsquo;article depuis sa source.<\/a><\/p>\n","protected":false},"excerpt":{"rendered":"<p>Le Maroc reconnait la n\u00e9cessit\u00e9 de faire jouir pleinement les Kabyles du droit \u00e0 l&rsquo;autod\u00e9termination. L&rsquo;Alg\u00e9rie \u00ab condamne \u00e9nergiquement\u00bb.Le Maroc et l&rsquo;Alg\u00e9rie sont une nouvelle fois \u00e0 couteaux tir\u00e9s. Cette fois-ci, la tension est mont\u00e9e d&rsquo;un cran. Et pour cause, la situation de la Kabylie, une vaste r\u00e9gion en Alg\u00e9rie. Le Maroc reconnait la n\u00e9cessit\u00e9 [&hellip;]<\/p>\n","protected":false},"author":1965,"featured_media":0,"comment_status":"closed","ping_status":"closed","sticky":false,"template":"","format":"standard","meta":{"fifu_image_url":"https:\/\/www.journalducameroun.com\/wp-content\/uploads\/2021\/07\/16265170835648.jpg","fifu_image_alt":"Le Maroc soutient l\u2019autod\u00e9termination en Kabylie, l\u2019Alg\u00e9rie condamne","footnotes":""},"categories":[73,82],"tags":[],"class_list":["post-121707","post","type-post","status-publish","format-standard","hentry","category-actualite","category-cameroun"],"_links":{"self":[{"href":"https:\/\/linitiative.ca\/International\/wp-json\/wp\/v2\/posts\/121707","targetHints":{"allow":["GET"]}}],"collection":[{"href":"https:\/\/linitiative.ca\/International\/wp-json\/wp\/v2\/posts"}],"about":[{"href":"https:\/\/linitiative.ca\/International\/wp-json\/wp\/v2\/types\/post"}],"author":[{"embeddable":true,"href":"https:\/\/linitiative.ca\/International\/wp-json\/wp\/v2\/users\/1965"}],"replies":[{"embeddable":true,"href":"https:\/\/linitiative.ca\/International\/wp-json\/wp\/v2\/comments?post=121707"}],"version-history":[{"count":0,"href":"https:\/\/linitiative.ca\/International\/wp-json\/wp\/v2\/posts\/121707\/revisions"}],"wp:attachment":[{"href":"https:\/\/linitiative.ca\/International\/wp-json\/wp\/v2\/media?parent=121707"}],"wp:term":[{"taxonomy":"category","embeddable":true,"href":"https:\/\/linitiative.ca\/International\/wp-json\/wp\/v2\/categories?post=121707"},{"taxonomy":"post_tag","embeddable":true,"href":"https:\/\/linitiative.ca\/International\/wp-json\/wp\/v2\/tags?post=121707"}],"curies":[{"name":"wp","href":"https:\/\/api.w.org\/{rel}","templated":true}]}}