{"id":121709,"date":"2021-07-17T10:18:01","date_gmt":"2021-07-17T14:18:01","guid":{"rendered":"https:\/\/linitiative.ca\/International\/maroc-8-millions-de-tete-destinees-a-labattage\/"},"modified":"2021-07-17T10:18:01","modified_gmt":"2021-07-17T14:18:01","slug":"maroc-8-millions-de-tete-destinees-a-labattage","status":"publish","type":"post","link":"https:\/\/linitiative.ca\/International\/maroc-8-millions-de-tete-destinees-a-labattage\/","title":{"rendered":"Maroc : 8 millions de t\u00eate destin\u00e9es \u00e0 l\u2019abattage"},"content":{"rendered":"<div>\n<p><img loading=\"lazy\" decoding=\"async\" width=\"1200\" height=\"600\" src=\"https:\/\/linitiative.ca\/International\/wp-content\/uploads\/sites\/23\/2021\/07\/16265314821410.jpg\" class=\"attachment-post-thumbnail size-post-thumbnail wp-post-image\" alt=\"\" srcset=\"https:\/\/linitiative.ca\/International\/wp-content\/uploads\/sites\/23\/2021\/07\/16265314821410.jpg 1200w, https:\/\/www.journalducameroun.com\/wp-content\/uploads\/2021\/07\/16265314821410-300x150.jpg 300w, https:\/\/www.journalducameroun.com\/wp-content\/uploads\/2021\/07\/16265314821410-768x384.jpg 768w, https:\/\/www.journalducameroun.com\/wp-content\/uploads\/2021\/07\/16265314821410-1024x512.jpg 1024w, https:\/\/www.journalducameroun.com\/wp-content\/uploads\/2021\/07\/16265314821410-880x440.jpg 880w, https:\/\/www.journalducameroun.com\/wp-content\/uploads\/2021\/07\/16265314821410-600x300.jpg 600w\" sizes=\"auto, (max-width: 1200px) 100vw, 1200px\"><\/p>\n<p>Le Maroc dispose de 8 millions de t\u00eates destin\u00e9s \u00e0 l&rsquo;abattage de l&rsquo;A\u00efd Al Adha (f\u00eate du sacrifice), dont 6,5 millions d&rsquo;ovins et 1,5 million de caprins, a pr\u00e9cis\u00e9 le minist\u00e8re de l&rsquo;Agriculture, de la P\u00eache Maritime, du D\u00e9veloppement Rural et des Eaux et For\u00eats.Le minist\u00e8re proc\u00e8de \u00e0 une \u00e9valuation de la situation pr\u00e9visionnelle d&rsquo;approvisionnement du march\u00e9 en animaux destin\u00e9s \u00e0 l&rsquo;abattage pour le sacrifice de l&rsquo;A\u00efd, ainsi que l&rsquo;\u00e9tat sanitaire du cheptel en concertation avec les professionnels de la fili\u00e8re des viandes rouges.<\/p>\n<p>En ce qui concerne l&rsquo;\u00e9tat sanitaire du cheptel national, il est, selon le m\u00eame d\u00e9partement, \u00ab globalement satisfaisant \u00bb et ce gr\u00e2ce aux efforts continus d\u00e9ploy\u00e9s par l&rsquo;Office National de S\u00e9curit\u00e9 Sanitaire des Produits Alimentaires (ONSSA) en mati\u00e8re de surveillance permanente de l&rsquo;\u00e9tat sanitaire du cheptel national et sa protection sanitaire contre les maladies animales contagieuses.<\/p>\n<p>Aussi, le programme d&rsquo;identification d&rsquo;ovins et de caprins, destin\u00e9s \u00e0 l&rsquo;abattage de l&rsquo;A\u00efd lanc\u00e9 le 15 avril 2021, est achev\u00e9.<\/p>\n<p>Par ailleurs, les services v\u00e9t\u00e9rinaires de l&rsquo;ONSSA ont enregistr\u00e9 plus de 240.000 unit\u00e9s d&rsquo;engraissement d&rsquo;ovins et caprins, et ont pr\u00e9lev\u00e9, 1100 \u00e9chantillons de viandes et 600 \u00e9chantillons d&rsquo;aliments pour animaux, en vue de leur analyse.<\/p>\n<p>De plus, 30 souks temporaires sont install\u00e9s, en collaboration avec les autorit\u00e9s locales, dans les diff\u00e9rentes r\u00e9gions du Royaume pour la commercialisation des animaux destin\u00e9s \u00e0 l&rsquo;abattage de l&rsquo;A\u00eed.<\/p>\n<p>Pour rappel, les transactions commerciales des animaux d&rsquo;abattage \u00e0 l&rsquo;occasion de l&rsquo;A\u00efd Al Adha permettront de r\u00e9aliser un chiffre d&rsquo;affaires d\u00e9passant 1,34 milliard de dollars (12 milliards DH), dont la grande partie sera transf\u00e9r\u00e9e au milieu rural, permettant ainsi aux agriculteurs de faire face aux d\u00e9penses des autres activit\u00e9s agricoles.<\/p>\n<p>Cet article <a rel=\"nofollow\" href=\"https:\/\/www.journalducameroun.com\/maroc-8-millions-de-tete-destinees-a-labattage\/\">Maroc : 8 millions de t\u00eate destin\u00e9es \u00e0 l\u2019abattage<\/a> est apparu en premier sur <a rel=\"nofollow\" href=\"https:\/\/www.journalducameroun.com\/\">Journal du Cameroun<\/a>.<\/p>\n<\/div>\n<p>Auteur: APA News<br \/>\n<a href=\"https:\/\/www.journalducameroun.com\/maroc-8-millions-de-tete-destinees-a-labattage\/\">Cliquez ici pour lire l&rsquo;article depuis sa source.<\/a><\/p>\n","protected":false},"excerpt":{"rendered":"<p>Le Maroc dispose de 8 millions de t\u00eates destin\u00e9s \u00e0 l&rsquo;abattage de l&rsquo;A\u00efd Al Adha (f\u00eate du sacrifice), dont 6,5 millions d&rsquo;ovins et 1,5 million de caprins, a pr\u00e9cis\u00e9 le minist\u00e8re de l&rsquo;Agriculture, de la P\u00eache Maritime, du D\u00e9veloppement Rural et des Eaux et For\u00eats.Le minist\u00e8re proc\u00e8de \u00e0 une \u00e9valuation de la situation pr\u00e9visionnelle d&rsquo;approvisionnement [&hellip;]<\/p>\n","protected":false},"author":1965,"featured_media":0,"comment_status":"closed","ping_status":"closed","sticky":false,"template":"","format":"standard","meta":{"fifu_image_url":"https:\/\/www.journalducameroun.com\/wp-content\/uploads\/2021\/07\/16265314821410.jpg","fifu_image_alt":"Maroc : 8 millions de t\u00eate destin\u00e9es \u00e0 l\u2019abattage","footnotes":""},"categories":[73,82],"tags":[],"class_list":["post-121709","post","type-post","status-publish","format-standard","hentry","category-actualite","category-cameroun"],"_links":{"self":[{"href":"https:\/\/linitiative.ca\/International\/wp-json\/wp\/v2\/posts\/121709","targetHints":{"allow":["GET"]}}],"collection":[{"href":"https:\/\/linitiative.ca\/International\/wp-json\/wp\/v2\/posts"}],"about":[{"href":"https:\/\/linitiative.ca\/International\/wp-json\/wp\/v2\/types\/post"}],"author":[{"embeddable":true,"href":"https:\/\/linitiative.ca\/International\/wp-json\/wp\/v2\/users\/1965"}],"replies":[{"embeddable":true,"href":"https:\/\/linitiative.ca\/International\/wp-json\/wp\/v2\/comments?post=121709"}],"version-history":[{"count":0,"href":"https:\/\/linitiative.ca\/International\/wp-json\/wp\/v2\/posts\/121709\/revisions"}],"wp:attachment":[{"href":"https:\/\/linitiative.ca\/International\/wp-json\/wp\/v2\/media?parent=121709"}],"wp:term":[{"taxonomy":"category","embeddable":true,"href":"https:\/\/linitiative.ca\/International\/wp-json\/wp\/v2\/categories?post=121709"},{"taxonomy":"post_tag","embeddable":true,"href":"https:\/\/linitiative.ca\/International\/wp-json\/wp\/v2\/tags?post=121709"}],"curies":[{"name":"wp","href":"https:\/\/api.w.org\/{rel}","templated":true}]}}