{"id":121711,"date":"2021-07-17T16:18:01","date_gmt":"2021-07-17T20:18:01","guid":{"rendered":"https:\/\/linitiative.ca\/International\/jo-2021-depart-de-la-delegation-ivoirienne-pour-tokyo\/"},"modified":"2021-07-17T16:18:01","modified_gmt":"2021-07-17T20:18:01","slug":"jo-2021-depart-de-la-delegation-ivoirienne-pour-tokyo","status":"publish","type":"post","link":"https:\/\/linitiative.ca\/International\/jo-2021-depart-de-la-delegation-ivoirienne-pour-tokyo\/","title":{"rendered":"JO 2021: d\u00e9part de la d\u00e9l\u00e9gation ivoirienne pour Tokyo"},"content":{"rendered":"<div>\n<p><img loading=\"lazy\" decoding=\"async\" width=\"1040\" height=\"780\" src=\"https:\/\/linitiative.ca\/International\/wp-content\/uploads\/sites\/23\/2021\/07\/16265530824547.jpg\" class=\"attachment-post-thumbnail size-post-thumbnail wp-post-image\" alt=\"\" srcset=\"https:\/\/linitiative.ca\/International\/wp-content\/uploads\/sites\/23\/2021\/07\/16265530824547.jpg 1040w, https:\/\/www.journalducameroun.com\/wp-content\/uploads\/2021\/07\/16265530824547-300x225.jpg 300w, https:\/\/www.journalducameroun.com\/wp-content\/uploads\/2021\/07\/16265530824547-768x576.jpg 768w, https:\/\/www.journalducameroun.com\/wp-content\/uploads\/2021\/07\/16265530824547-1024x768.jpg 1024w, https:\/\/www.journalducameroun.com\/wp-content\/uploads\/2021\/07\/16265530824547-587x440.jpg 587w, https:\/\/www.journalducameroun.com\/wp-content\/uploads\/2021\/07\/16265530824547-600x450.jpg 600w\" sizes=\"auto, (max-width: 1040px) 100vw, 1040px\"><\/p>\n<p>La d\u00e9l\u00e9gation ivoirienne pour les Jeux Olympiques  2021 a quitt\u00e9 Abidjan, samedi, pour Tokyo en passant par Addis-Abeba.<\/p>\n<p>Conduite par le Directeur g\u00e9n\u00e9ral des sports, Bertin Koffi Kan, cette d\u00e9l\u00e9gation ivoirienne est attendue au Japon dimanche nuit. Elle est compos\u00e9e des athl\u00e8tes de Taekwondo, de Judo, d&rsquo;Aviron et de \u00a0la s\u00e9lection de football des U23.\u00a0<\/p>\n<p>Le Comit\u00e9 national olympique est repr\u00e9sent\u00e9 dans cette d\u00e9l\u00e9gation par son vice-pr\u00e9sident, Lucien Kouakou. Les repr\u00e9sentants ivoiriens en athl\u00e9tisme rallieront la capitale nipponne \u00e0 partir de l&rsquo;Europe et des Etats-Unis o\u00f9 ils sont en comp\u00e9tition.<\/p>\n<p>Avant ce d\u00e9part, le ministre de la Promotion des sports et du d\u00e9veloppement de l&rsquo;\u00e9conomie sportive, Paulin Claude Danho, a remis officiellement, jeudi, les accr\u00e9ditations et kits aux athl\u00e8tes ivoiriens, au cours d&rsquo;une c\u00e9r\u00e9monie au Parc des sports de Treichville, dans le Sud de la capitale \u00e9conomique ivoirienne.<\/p>\n<p>Cet article <a rel=\"nofollow\" href=\"https:\/\/www.journalducameroun.com\/jo-2021-depart-de-la-delegation-ivoirienne-pour-tokyo\/\">JO 2021: d\u00e9part de la d\u00e9l\u00e9gation ivoirienne pour Tokyo<\/a> est apparu en premier sur <a rel=\"nofollow\" href=\"https:\/\/www.journalducameroun.com\/\">Journal du Cameroun<\/a>.<\/p>\n<\/div>\n<p>Auteur: APA News<br \/>\n<a href=\"https:\/\/www.journalducameroun.com\/jo-2021-depart-de-la-delegation-ivoirienne-pour-tokyo\/\">Cliquez ici pour lire l&rsquo;article depuis sa source.<\/a><\/p>\n","protected":false},"excerpt":{"rendered":"<p>La d\u00e9l\u00e9gation ivoirienne pour les Jeux Olympiques 2021 a quitt\u00e9 Abidjan, samedi, pour Tokyo en passant par Addis-Abeba. Conduite par le Directeur g\u00e9n\u00e9ral des sports, Bertin Koffi Kan, cette d\u00e9l\u00e9gation ivoirienne est attendue au Japon dimanche nuit. Elle est compos\u00e9e des athl\u00e8tes de Taekwondo, de Judo, d&rsquo;Aviron et de \u00a0la s\u00e9lection de football des U23.\u00a0 [&hellip;]<\/p>\n","protected":false},"author":1965,"featured_media":0,"comment_status":"closed","ping_status":"closed","sticky":false,"template":"","format":"standard","meta":{"fifu_image_url":"https:\/\/www.journalducameroun.com\/wp-content\/uploads\/2021\/07\/16265530824547.jpg","fifu_image_alt":"JO 2021: d\u00e9part de la d\u00e9l\u00e9gation ivoirienne pour Tokyo","footnotes":""},"categories":[73,82],"tags":[],"class_list":["post-121711","post","type-post","status-publish","format-standard","hentry","category-actualite","category-cameroun"],"_links":{"self":[{"href":"https:\/\/linitiative.ca\/International\/wp-json\/wp\/v2\/posts\/121711","targetHints":{"allow":["GET"]}}],"collection":[{"href":"https:\/\/linitiative.ca\/International\/wp-json\/wp\/v2\/posts"}],"about":[{"href":"https:\/\/linitiative.ca\/International\/wp-json\/wp\/v2\/types\/post"}],"author":[{"embeddable":true,"href":"https:\/\/linitiative.ca\/International\/wp-json\/wp\/v2\/users\/1965"}],"replies":[{"embeddable":true,"href":"https:\/\/linitiative.ca\/International\/wp-json\/wp\/v2\/comments?post=121711"}],"version-history":[{"count":0,"href":"https:\/\/linitiative.ca\/International\/wp-json\/wp\/v2\/posts\/121711\/revisions"}],"wp:attachment":[{"href":"https:\/\/linitiative.ca\/International\/wp-json\/wp\/v2\/media?parent=121711"}],"wp:term":[{"taxonomy":"category","embeddable":true,"href":"https:\/\/linitiative.ca\/International\/wp-json\/wp\/v2\/categories?post=121711"},{"taxonomy":"post_tag","embeddable":true,"href":"https:\/\/linitiative.ca\/International\/wp-json\/wp\/v2\/tags?post=121711"}],"curies":[{"name":"wp","href":"https:\/\/api.w.org\/{rel}","templated":true}]}}