{"id":121715,"date":"2021-07-17T11:21:15","date_gmt":"2021-07-17T15:21:15","guid":{"rendered":"https:\/\/linitiative.ca\/International\/le-gicam-realise-des-recettes-de-978-millions-de-fcfa-en-2020\/"},"modified":"2021-07-17T11:21:15","modified_gmt":"2021-07-17T15:21:15","slug":"le-gicam-realise-des-recettes-de-978-millions-de-fcfa-en-2020","status":"publish","type":"post","link":"https:\/\/linitiative.ca\/International\/le-gicam-realise-des-recettes-de-978-millions-de-fcfa-en-2020\/","title":{"rendered":"Le Gicam r\u00e9alise des recettes de 978 millions de Fcfa en 2020"},"content":{"rendered":"<div>\n<p>Le mercredi 23 juin 2021, les membres du Groupement inter-Patronal du Cameroun (Gicam), ont tenu, par vid\u00e9o conf\u00e9rence, leur 130eme assembl\u00e9e g\u00e9n\u00e9rale ordinaire. Il \u00e9tait question lors des travaux, de passer en revue les activit\u00e9s du groupement patronal durant l\u2019ann\u00e9e 2020 et d\u2019ouvrir une fen\u00eatre sur le premier semestre 2021.<\/p>\n<p><strong>Lire aussi<\/strong> : <strong><a href=\"https:\/\/ecomatin.net\/climat-des-affaires-ladministrationn-ne-veut-pass-discuter-fiscalite-avec-le-gicam\/\">Climat des affaires : l\u2019administration ne veut pas discuter fiscalit\u00e9 avec le Gicam<\/a><\/strong><\/p>\n<p>On apprend des travaux que les activit\u00e9s du Gicam, notamment les cotisations des membres, la location des salles de r\u00e9union ou des conf\u00e9rences de l\u2019immeuble si\u00e8ge ainsi que des espaces publicitaires, entre autres activit\u00e9s courantes, ont g\u00e9n\u00e9r\u00e9 581,5 millions de F soit un taux de r\u00e9alisation de 72%. \u00abEntre 2019 et 2020, on observe une l\u00e9g\u00e8re baisse du taux de r\u00e9alisation des recettes r\u00e9sultant de l\u2019impact n\u00e9gatif de la crise sanitaire \u00bb, explique le Gicam. S\u2019agissant des unit\u00e9s sp\u00e9cialis\u00e9es, le Cmag (Centre M\u00e9diation et d\u2019Arbitrage du Gicam) pr\u00e9sente un taux de r\u00e9alisation de 121% et le Cdpme, (Centre de D\u00e9veloppement de la PME) un taux de 10%.<\/p>\n<p>Outre les ressources, les d\u00e9penses se chiffrent \u00e0 914,3 millions de F en 2020 contre 915,7 millions de F en 2019. \u00ab Il en a d\u00e9coul\u00e9 un exc\u00e9dent budg\u00e9taire de 64,32 millions de F \u00bb, note le Groupement inter-Patronal du Cameroun. \u00abMalgr\u00e9 l\u2019impact important de la crise sanitaire, l\u2019agilit\u00e9 dont a su faire preuve le groupement a permis de maintenir \u00e0 flot ses services, de poursuivre la maturation et le d\u00e9ploiement de ses projets et, surtout, de rester \u00e0 l\u2019\u00e9coute et au service de ses membres \u00bb, se satisfait le Groupement que pr\u00e9side C\u00e9lestin Tawamba.<\/p>\n<p><strong>Lire aussi<\/strong> : <strong><a href=\"https:\/\/ecomatin.net\/partenariat-publicc-prive-lenam-a-lecole-du-livre-blanc-du-gicam\/\">Partenariat public-priv\u00e9 : l\u2019Enam \u00e0 l\u2019\u00e9cole du livre blanc du Gicam<\/a><\/strong><\/p>\n<p>Evoquant la conjoncture des six premiers mois de l\u2019ann\u00e9e en cours, le patronat note avec satisfaction l\u2019enroulement de 22 nouvelles entreprises au sein de la plus importante organisation patronale du Cameroun, avant de s\u2019appesantir sur les tendances \u00e9conomiques difficiles. \u00ab C\u2019est ainsi que deux chefs d\u2019entreprises sur trois ont enregistr\u00e9 une baisse de leur chiffre d\u2019affaires et 94% estiment que la pression fiscale est intenable. 82% ont vu leur endettement cro\u00eetre ou se stabiliser, tandis que seulement 21% ont observ\u00e9 une tr\u00e9sorerie en am\u00e9lioration \u00bb, rel\u00e8ve l\u2019organisation.<\/p>\n<p>Sur le plan macro-\u00e9conomique le pr\u00e9sident du Gicam a exprim\u00e9 les inqui\u00e9tudes des chefs d\u2019entreprise sur la tendance de l\u2019endettement. En plus du poids que le service de la dette induit sur le budget de l\u2019Etat, \u00ab le rythme effr\u00e9n\u00e9 de l\u2019endettement actuel a un effet d\u2019\u00e9viction important sur les devises et sur les ressources du syst\u00e8me financier, sans compter les ponctions toujours importantes sur les entreprises en mati\u00e8re de fiscalit\u00e9 et de para-fiscalit\u00e9 \u00bb, regrette C\u00e9lestin Tawamba.<\/p>\n<p><strong>Lire aussi<\/strong> : <strong><a href=\"https:\/\/ecomatin.net\/cameroun-le-fmi-soutient-la-proposition-du-gicam-pour-un-audit-du-systeme-fiscal\/\">Cameroun : le FMI soutient la proposition du Gicam pour un audit du syst\u00e8me fiscal<\/a><\/strong><\/p>\n<p>L\u2019article <a rel=\"nofollow\" href=\"https:\/\/ecomatin.net\/le-gicamm-realise-ddes-recettess-de-978-millionss-de-f-en-2020\/\">Le Gicam r\u00e9alise des recettes de 978 millions de Fcfa en 2020<\/a> est apparu en premier sur <a rel=\"nofollow\" href=\"https:\/\/ecomatin.net\/\">EcoMatin<\/a>.<\/p>\n<\/div>\n<p>Auteur: Amina MALLOUM<br \/>\n<a href=\"https:\/\/ecomatin.net\/le-gicamm-realise-ddes-recettess-de-978-millionss-de-f-en-2020\/\">Cliquez ici pour lire l&rsquo;article depuis sa source.<\/a><\/p>\n","protected":false},"excerpt":{"rendered":"<p>Le mercredi 23 juin 2021, les membres du Groupement inter-Patronal du Cameroun (Gicam), ont tenu, par vid\u00e9o conf\u00e9rence, leur 130eme assembl\u00e9e g\u00e9n\u00e9rale ordinaire. Il \u00e9tait question lors des travaux, de passer en revue les activit\u00e9s du groupement patronal durant l\u2019ann\u00e9e 2020 et d\u2019ouvrir une fen\u00eatre sur le premier semestre 2021. Lire aussi : Climat des [&hellip;]<\/p>\n","protected":false},"author":1969,"featured_media":0,"comment_status":"closed","ping_status":"closed","sticky":false,"template":"","format":"standard","meta":{"fifu_image_url":"","fifu_image_alt":"","footnotes":""},"categories":[82,78],"tags":[],"class_list":["post-121715","post","type-post","status-publish","format-standard","hentry","category-cameroun","category-economie"],"_links":{"self":[{"href":"https:\/\/linitiative.ca\/International\/wp-json\/wp\/v2\/posts\/121715","targetHints":{"allow":["GET"]}}],"collection":[{"href":"https:\/\/linitiative.ca\/International\/wp-json\/wp\/v2\/posts"}],"about":[{"href":"https:\/\/linitiative.ca\/International\/wp-json\/wp\/v2\/types\/post"}],"author":[{"embeddable":true,"href":"https:\/\/linitiative.ca\/International\/wp-json\/wp\/v2\/users\/1969"}],"replies":[{"embeddable":true,"href":"https:\/\/linitiative.ca\/International\/wp-json\/wp\/v2\/comments?post=121715"}],"version-history":[{"count":0,"href":"https:\/\/linitiative.ca\/International\/wp-json\/wp\/v2\/posts\/121715\/revisions"}],"wp:attachment":[{"href":"https:\/\/linitiative.ca\/International\/wp-json\/wp\/v2\/media?parent=121715"}],"wp:term":[{"taxonomy":"category","embeddable":true,"href":"https:\/\/linitiative.ca\/International\/wp-json\/wp\/v2\/categories?post=121715"},{"taxonomy":"post_tag","embeddable":true,"href":"https:\/\/linitiative.ca\/International\/wp-json\/wp\/v2\/tags?post=121715"}],"curies":[{"name":"wp","href":"https:\/\/api.w.org\/{rel}","templated":true}]}}