{"id":121716,"date":"2021-07-17T15:14:38","date_gmt":"2021-07-17T19:14:38","guid":{"rendered":"https:\/\/linitiative.ca\/International\/elu-a-139-voix-sur-141-exprimees-le-binome-bentahar-et-mhammedi-alaoui-plebiscite-a-la-tete-de-la-cnt\/"},"modified":"2021-07-17T15:14:38","modified_gmt":"2021-07-17T19:14:38","slug":"elu-a-139-voix-sur-141-exprimees-le-binome-bentahar-et-mhammedi-alaoui-plebiscite-a-la-tete-de-la-cnt","status":"publish","type":"post","link":"https:\/\/linitiative.ca\/International\/elu-a-139-voix-sur-141-exprimees-le-binome-bentahar-et-mhammedi-alaoui-plebiscite-a-la-tete-de-la-cnt\/","title":{"rendered":"Elu \u00e0 139 voix sur 141 exprim\u00e9es : Le bin\u00f4me Bentahar et Mhammedi Alaoui pl\u00e9biscit\u00e9 \u00e0 la t\u00eate de la CNT"},"content":{"rendered":"<div>\n<p><img decoding=\"async\" width=\"300\" height=\"153\" src=\"https:\/\/linitiative.ca\/International\/wp-content\/uploads\/sites\/23\/2021\/07\/binome-Bentahar-et-Mhammedi-Alaoui-plebiscite-a-la-tete-de-la-CNT-300x153-1.jpg\" class=\"attachment-medium size-medium wp-post-image\" alt=\"\" loading=\"lazy\" srcset=\"\/\/aujourdhui.ma\/wp-content\/uploads\/2021\/07\/binome-Bentahar-et-Mhammedi-Alaoui-plebiscite-a-la-tete-de-la-CNT-300x153.jpg 300w, \/\/aujourdhui.ma\/wp-content\/uploads\/2021\/07\/binome-Bentahar-et-Mhammedi-Alaoui-plebiscite-a-la-tete-de-la-CNT-274x140.jpg 274w, \/\/aujourdhui.ma\/wp-content\/uploads\/2021\/07\/binome-Bentahar-et-Mhammedi-Alaoui-plebiscite-a-la-tete-de-la-CNT.jpg 746w, \/\/aujourdhui.ma\/wp-content\/uploads\/2021\/07\/binome-Bentahar-et-Mhammedi-Alaoui-plebiscite-a-la-tete-de-la-CNT-165x84.jpg 165w, \/\/aujourdhui.ma\/wp-content\/uploads\/2021\/07\/binome-Bentahar-et-Mhammedi-Alaoui-plebiscite-a-la-tete-de-la-CNT-702x358.jpg 702w\" sizes=\"auto, (max-width: 300px) 100vw, 300px\"><\/p>\n<p><span style=\"color: #800000;\"><strong>Le bin\u00f4me Bentahar et Mhamadi Aloui remporte haut la main le pr\u00e9sidence du CNT.<\/strong><\/span><span id=\"more-381982\"><\/span><\/p>\n<p>En effet, Hamid Bentahar et Hicham Mhammdi Alaoui ont \u00e9t\u00e9 \u00e9lus par un score sans appel, de 139 voix sur les 141 exprim\u00e9es lors du vote. Dans une d\u00e9claration suite \u00e0 l\u2019annonce de son \u00e9lection, le nouveau pr\u00e9sident de la CNT, Hamid Bentahar a d\u00e9clar\u00e9 que le mandat qui d\u00e9marre se veut un mandat f\u00e9d\u00e9rateur et inclusi. \u00abUne place importante sera accord\u00e9e aux jeunes du secteur par la cr\u00e9ation d\u2019un conseil d\u2019administration des jeunes\u00bb, a-t-il affirm\u00e9, ajoutant qu\u2019une capitalisation sur l\u2019exp\u00e9rience des plus anciens est \u00e9galement envisag\u00e9e. \u00abLa pr\u00e9dominance de la repr\u00e9sentativit\u00e9 r\u00e9gionale sera le pilier de la gouvernance pour ce mandat\u00bb, a-t-il conclu. A noter que le bin\u00f4me gagnant avait en face de lui, le duo compos\u00e9 de Jalil Benabb\u00e9s Taarji et Aziz Ch\u00e9rif-Alami.<\/p>\n<\/div>\n<p>Auteur: ALM<br \/>\n<a href=\"https:\/\/aujourdhui.ma\/actualite\/elu-a-139-voix-sur-141-exprimees-le-binome-bentahar-et-mhammedi-alaoui-plebiscite-a-la-tete-de-la-cnt\">Cliquez ici pour lire l&rsquo;article depuis sa source.<\/a><\/p>\n","protected":false},"excerpt":{"rendered":"<p>Le bin\u00f4me Bentahar et Mhamadi Aloui remporte haut la main le pr\u00e9sidence du CNT. En effet, Hamid Bentahar et Hicham Mhammdi Alaoui ont \u00e9t\u00e9 \u00e9lus par un score sans appel, de 139 voix sur les 141 exprim\u00e9es lors du vote. Dans une d\u00e9claration suite \u00e0 l\u2019annonce de son \u00e9lection, le nouveau pr\u00e9sident de la CNT, [&hellip;]<\/p>\n","protected":false},"author":1759,"featured_media":0,"comment_status":"closed","ping_status":"closed","sticky":false,"template":"","format":"standard","meta":{"fifu_image_url":"https:\/\/aujourdhui.ma\/wp-content\/uploads\/2021\/07\/binome-Bentahar-et-Mhammedi-Alaoui-plebiscite-a-la-tete-de-la-CNT-300x153.jpg","fifu_image_alt":"Elu \u00e0 139 voix sur 141 exprim\u00e9es : Le bin\u00f4me Bentahar et Mhammedi Alaoui pl\u00e9biscit\u00e9 \u00e0 la t\u00eate de la CNT","footnotes":""},"categories":[73,54],"tags":[],"class_list":["post-121716","post","type-post","status-publish","format-standard","hentry","category-actualite","category-maroc"],"_links":{"self":[{"href":"https:\/\/linitiative.ca\/International\/wp-json\/wp\/v2\/posts\/121716","targetHints":{"allow":["GET"]}}],"collection":[{"href":"https:\/\/linitiative.ca\/International\/wp-json\/wp\/v2\/posts"}],"about":[{"href":"https:\/\/linitiative.ca\/International\/wp-json\/wp\/v2\/types\/post"}],"author":[{"embeddable":true,"href":"https:\/\/linitiative.ca\/International\/wp-json\/wp\/v2\/users\/1759"}],"replies":[{"embeddable":true,"href":"https:\/\/linitiative.ca\/International\/wp-json\/wp\/v2\/comments?post=121716"}],"version-history":[{"count":0,"href":"https:\/\/linitiative.ca\/International\/wp-json\/wp\/v2\/posts\/121716\/revisions"}],"wp:attachment":[{"href":"https:\/\/linitiative.ca\/International\/wp-json\/wp\/v2\/media?parent=121716"}],"wp:term":[{"taxonomy":"category","embeddable":true,"href":"https:\/\/linitiative.ca\/International\/wp-json\/wp\/v2\/categories?post=121716"},{"taxonomy":"post_tag","embeddable":true,"href":"https:\/\/linitiative.ca\/International\/wp-json\/wp\/v2\/tags?post=121716"}],"curies":[{"name":"wp","href":"https:\/\/api.w.org\/{rel}","templated":true}]}}