{"id":121718,"date":"2021-07-17T15:38:09","date_gmt":"2021-07-17T19:38:09","guid":{"rendered":"https:\/\/linitiative.ca\/International\/covid-19-la-vaccination-elargie-a-la-tranche-dage-30-34-ans\/"},"modified":"2021-07-17T15:38:09","modified_gmt":"2021-07-17T19:38:09","slug":"covid-19-la-vaccination-elargie-a-la-tranche-dage-30-34-ans","status":"publish","type":"post","link":"https:\/\/linitiative.ca\/International\/covid-19-la-vaccination-elargie-a-la-tranche-dage-30-34-ans\/","title":{"rendered":"Covid-19 : La vaccination \u00e9largie \u00e0 la tranche d\u2019\u00e2ge 30-34 ans"},"content":{"rendered":"<div>\n<p><img decoding=\"async\" width=\"300\" height=\"153\" src=\"https:\/\/linitiative.ca\/International\/wp-content\/uploads\/sites\/23\/2021\/07\/Vaccination-Vaccin-Covid-19-300x153-2.jpg\" class=\"attachment-medium size-medium wp-post-image\" alt=\"\" loading=\"lazy\" srcset=\"\/\/aujourdhui.ma\/wp-content\/uploads\/2021\/04\/Vaccination-Vaccin-Covid-19-300x153.jpg 300w, \/\/aujourdhui.ma\/wp-content\/uploads\/2021\/04\/Vaccination-Vaccin-Covid-19-274x140.jpg 274w, \/\/aujourdhui.ma\/wp-content\/uploads\/2021\/04\/Vaccination-Vaccin-Covid-19.jpg 746w, \/\/aujourdhui.ma\/wp-content\/uploads\/2021\/04\/Vaccination-Vaccin-Covid-19-165x84.jpg 165w, \/\/aujourdhui.ma\/wp-content\/uploads\/2021\/04\/Vaccination-Vaccin-Covid-19-702x358.jpg 702w\" sizes=\"auto, (max-width: 300px) 100vw, 300px\"><\/p>\n<p><span style=\"color: #800000;\"><strong>Le Maroc poursuit sa campagne nationale de vaccination \u00e0 un rythme soutenu contre la pand\u00e9mie de Covid-19.<\/strong><\/span><span id=\"more-381985\"><\/span><\/p>\n<p>Dans ce sens, le minist\u00e8re de la sant\u00e9 vient d\u2019annoncer dans un communiqu\u00e9 qu\u2019il a d\u00e9cid\u00e9 d\u2019\u00e9largir cette campagne aux personnes \u00e2g\u00e9es entre 30-34 ans. Il appelle \u00e0 travers ce m\u00eame communiqu\u00e9, les citoyens concern\u00e9s et ayant re\u00e7u des messages \u00e0 travers le num\u00e9ro 1717 fixant le lieu et la date de prise de leur vaccin de se diriger vers le Centre de vaccination indiqu\u00e9 pour recevoir leur premi\u00e8re dose. Et pour garantir la bonne marche de cette campane de vaccination lanc\u00e9e il y a d\u00e9j\u00e0 six mois, \u00able minist\u00e8re informe tous les citoyennes et les citoyens que les centres de vaccination vont ouvrir jeudi et vendredi : le deuxi\u00e8me et troisi\u00e8me jour de l\u2019A\u00efd Al Adha, et ce pour permettre \u00e0 la population concern\u00e9e de se faire vacciner \u00bb, selon la m\u00eame source.<\/p>\n<\/div>\n<p>Auteur: ALM<br \/>\n<a href=\"https:\/\/aujourdhui.ma\/societe\/covid-19-la-vaccination-elargie-a-la-tranche-dage-30-34-ans\">Cliquez ici pour lire l&rsquo;article depuis sa source.<\/a><\/p>\n","protected":false},"excerpt":{"rendered":"<p>Le Maroc poursuit sa campagne nationale de vaccination \u00e0 un rythme soutenu contre la pand\u00e9mie de Covid-19. Dans ce sens, le minist\u00e8re de la sant\u00e9 vient d\u2019annoncer dans un communiqu\u00e9 qu\u2019il a d\u00e9cid\u00e9 d\u2019\u00e9largir cette campagne aux personnes \u00e2g\u00e9es entre 30-34 ans. Il appelle \u00e0 travers ce m\u00eame communiqu\u00e9, les citoyens concern\u00e9s et ayant re\u00e7u [&hellip;]<\/p>\n","protected":false},"author":1759,"featured_media":0,"comment_status":"closed","ping_status":"closed","sticky":false,"template":"","format":"standard","meta":{"fifu_image_url":"https:\/\/aujourdhui.ma\/wp-content\/uploads\/2021\/04\/Vaccination-Vaccin-Covid-19-300x153.jpg","fifu_image_alt":"Covid-19 : La vaccination \u00e9largie \u00e0 la tranche d\u2019\u00e2ge 30-34 ans","footnotes":""},"categories":[73,54],"tags":[],"class_list":["post-121718","post","type-post","status-publish","format-standard","hentry","category-actualite","category-maroc"],"_links":{"self":[{"href":"https:\/\/linitiative.ca\/International\/wp-json\/wp\/v2\/posts\/121718","targetHints":{"allow":["GET"]}}],"collection":[{"href":"https:\/\/linitiative.ca\/International\/wp-json\/wp\/v2\/posts"}],"about":[{"href":"https:\/\/linitiative.ca\/International\/wp-json\/wp\/v2\/types\/post"}],"author":[{"embeddable":true,"href":"https:\/\/linitiative.ca\/International\/wp-json\/wp\/v2\/users\/1759"}],"replies":[{"embeddable":true,"href":"https:\/\/linitiative.ca\/International\/wp-json\/wp\/v2\/comments?post=121718"}],"version-history":[{"count":0,"href":"https:\/\/linitiative.ca\/International\/wp-json\/wp\/v2\/posts\/121718\/revisions"}],"wp:attachment":[{"href":"https:\/\/linitiative.ca\/International\/wp-json\/wp\/v2\/media?parent=121718"}],"wp:term":[{"taxonomy":"category","embeddable":true,"href":"https:\/\/linitiative.ca\/International\/wp-json\/wp\/v2\/categories?post=121718"},{"taxonomy":"post_tag","embeddable":true,"href":"https:\/\/linitiative.ca\/International\/wp-json\/wp\/v2\/tags?post=121718"}],"curies":[{"name":"wp","href":"https:\/\/api.w.org\/{rel}","templated":true}]}}