{"id":121722,"date":"2021-07-18T10:29:05","date_gmt":"2021-07-18T14:29:05","guid":{"rendered":"https:\/\/linitiative.ca\/International\/le-conge-de-laid-al-adha-les-21-et-22-juillet\/"},"modified":"2021-07-18T10:29:05","modified_gmt":"2021-07-18T14:29:05","slug":"le-conge-de-laid-al-adha-les-21-et-22-juillet","status":"publish","type":"post","link":"https:\/\/linitiative.ca\/International\/le-conge-de-laid-al-adha-les-21-et-22-juillet\/","title":{"rendered":"Le cong\u00e9 de l\u2019A\u00efd Al Adha les 21 et 22 juillet"},"content":{"rendered":"<div>\n<p><img decoding=\"async\" width=\"300\" height=\"153\" src=\"https:\/\/linitiative.ca\/International\/wp-content\/uploads\/sites\/23\/2021\/07\/Administration-Publique-300x153-1.jpg\" class=\"attachment-medium size-medium wp-post-image\" alt=\"\" loading=\"lazy\" srcset=\"\/\/aujourdhui.ma\/wp-content\/uploads\/2016\/12\/Administration-Publique-300x153.jpg 300w, \/\/aujourdhui.ma\/wp-content\/uploads\/2016\/12\/Administration-Publique.jpg 746w\" sizes=\"auto, (max-width: 300px) 100vw, 300px\"><\/p>\n<p><span style=\"color: #800000;\"><strong>Les administrations, \u00e9tablissements publics et collectivit\u00e9s territoriales seront en cong\u00e9 les 21 et 22 juillet, \u00e0 l\u2019occasion de la f\u00eate de l\u2019A\u00efd Al Adha, a annonc\u00e9 le d\u00e9partement de la R\u00e9forme de l\u2019Administration.<\/strong><\/span><span id=\"more-381991\"><\/span><\/p>\n<p>Le travail reprendra le 23 juillet, pr\u00e9cise le d\u00e9partement minist\u00e9riel dans un communiqu\u00e9.<\/p>\n<p>Ces jours f\u00e9ri\u00e9s sont fix\u00e9s en vertu du d\u00e9cret 169-77-2 du 28 f\u00e9vrier 1977, pr\u00e9cise-t-on.<\/p>\n<\/div>\n<p>Auteur: ALM<br \/>\n<a href=\"https:\/\/aujourdhui.ma\/societe\/le-conge-de-laid-al-adha-les-21-et-22-juillet-1\">Cliquez ici pour lire l&rsquo;article depuis sa source.<\/a><\/p>\n","protected":false},"excerpt":{"rendered":"<p>Les administrations, \u00e9tablissements publics et collectivit\u00e9s territoriales seront en cong\u00e9 les 21 et 22 juillet, \u00e0 l\u2019occasion de la f\u00eate de l\u2019A\u00efd Al Adha, a annonc\u00e9 le d\u00e9partement de la R\u00e9forme de l\u2019Administration. Le travail reprendra le 23 juillet, pr\u00e9cise le d\u00e9partement minist\u00e9riel dans un communiqu\u00e9. Ces jours f\u00e9ri\u00e9s sont fix\u00e9s en vertu du d\u00e9cret [&hellip;]<\/p>\n","protected":false},"author":1759,"featured_media":0,"comment_status":"closed","ping_status":"closed","sticky":false,"template":"","format":"standard","meta":{"fifu_image_url":"https:\/\/aujourdhui.ma\/wp-content\/uploads\/2016\/12\/Administration-Publique-300x153.jpg","fifu_image_alt":"Le cong\u00e9 de l\u2019A\u00efd Al Adha les 21 et 22 juillet","footnotes":""},"categories":[73,54],"tags":[],"class_list":["post-121722","post","type-post","status-publish","format-standard","hentry","category-actualite","category-maroc"],"_links":{"self":[{"href":"https:\/\/linitiative.ca\/International\/wp-json\/wp\/v2\/posts\/121722","targetHints":{"allow":["GET"]}}],"collection":[{"href":"https:\/\/linitiative.ca\/International\/wp-json\/wp\/v2\/posts"}],"about":[{"href":"https:\/\/linitiative.ca\/International\/wp-json\/wp\/v2\/types\/post"}],"author":[{"embeddable":true,"href":"https:\/\/linitiative.ca\/International\/wp-json\/wp\/v2\/users\/1759"}],"replies":[{"embeddable":true,"href":"https:\/\/linitiative.ca\/International\/wp-json\/wp\/v2\/comments?post=121722"}],"version-history":[{"count":0,"href":"https:\/\/linitiative.ca\/International\/wp-json\/wp\/v2\/posts\/121722\/revisions"}],"wp:attachment":[{"href":"https:\/\/linitiative.ca\/International\/wp-json\/wp\/v2\/media?parent=121722"}],"wp:term":[{"taxonomy":"category","embeddable":true,"href":"https:\/\/linitiative.ca\/International\/wp-json\/wp\/v2\/categories?post=121722"},{"taxonomy":"post_tag","embeddable":true,"href":"https:\/\/linitiative.ca\/International\/wp-json\/wp\/v2\/tags?post=121722"}],"curies":[{"name":"wp","href":"https:\/\/api.w.org\/{rel}","templated":true}]}}