{"id":121733,"date":"2021-07-18T11:20:00","date_gmt":"2021-07-18T15:20:00","guid":{"rendered":"https:\/\/linitiative.ca\/International\/fethi-ghares-et-nordine-ait-hamouda-maintenus-en-prison\/"},"modified":"2021-07-18T11:20:00","modified_gmt":"2021-07-18T15:20:00","slug":"fethi-ghares-et-nordine-ait-hamouda-maintenus-en-prison","status":"publish","type":"post","link":"https:\/\/linitiative.ca\/International\/fethi-ghares-et-nordine-ait-hamouda-maintenus-en-prison\/","title":{"rendered":"Fethi Ghares et Nordine A\u00eft Hamouda maintenus en prison"},"content":{"rendered":"<div>La chambre d\u2019accusation pr\u00e8s la Cour d\u2019Alger a rejet\u00e9, ce dimanche, la demande de libert\u00e9 provisoire introduite par les avocats du coordinateur national du MDS, Fethi Ghares, et de l\u2019ancien d\u00e9put\u00e9 Nordine A\u00eft Hamouda&#8230;<\/div>\n<p>Auteur:<br \/>\n<a href=\"https:\/\/www.liberte-algerie.com\/actualite\/fethi-ghares-et-nordine-ait-hamouda-maintenus-en-prison-362139\">Cliquez ici pour lire l&rsquo;article depuis sa source.<\/a><\/p>\n","protected":false},"excerpt":{"rendered":"<p>La chambre d\u2019accusation pr\u00e8s la Cour d\u2019Alger a rejet\u00e9, ce dimanche, la demande de libert\u00e9 provisoire introduite par les avocats du coordinateur national du MDS, Fethi Ghares, et de l\u2019ancien d\u00e9put\u00e9 Nordine A\u00eft Hamouda&#8230; Auteur: Cliquez ici pour lire l&rsquo;article depuis sa source.<\/p>\n","protected":false},"author":1742,"featured_media":0,"comment_status":"closed","ping_status":"closed","sticky":false,"template":"","format":"standard","meta":{"fifu_image_url":"","fifu_image_alt":"","footnotes":""},"categories":[73,53],"tags":[],"class_list":["post-121733","post","type-post","status-publish","format-standard","hentry","category-actualite","category-algerie"],"_links":{"self":[{"href":"https:\/\/linitiative.ca\/International\/wp-json\/wp\/v2\/posts\/121733","targetHints":{"allow":["GET"]}}],"collection":[{"href":"https:\/\/linitiative.ca\/International\/wp-json\/wp\/v2\/posts"}],"about":[{"href":"https:\/\/linitiative.ca\/International\/wp-json\/wp\/v2\/types\/post"}],"author":[{"embeddable":true,"href":"https:\/\/linitiative.ca\/International\/wp-json\/wp\/v2\/users\/1742"}],"replies":[{"embeddable":true,"href":"https:\/\/linitiative.ca\/International\/wp-json\/wp\/v2\/comments?post=121733"}],"version-history":[{"count":0,"href":"https:\/\/linitiative.ca\/International\/wp-json\/wp\/v2\/posts\/121733\/revisions"}],"wp:attachment":[{"href":"https:\/\/linitiative.ca\/International\/wp-json\/wp\/v2\/media?parent=121733"}],"wp:term":[{"taxonomy":"category","embeddable":true,"href":"https:\/\/linitiative.ca\/International\/wp-json\/wp\/v2\/categories?post=121733"},{"taxonomy":"post_tag","embeddable":true,"href":"https:\/\/linitiative.ca\/International\/wp-json\/wp\/v2\/tags?post=121733"}],"curies":[{"name":"wp","href":"https:\/\/api.w.org\/{rel}","templated":true}]}}