{"id":121736,"date":"2021-07-17T15:05:03","date_gmt":"2021-07-17T19:05:03","guid":{"rendered":"https:\/\/linitiative.ca\/International\/lolympic-de-safi-et-le-raja-de-casablanca-font-match-nul\/"},"modified":"2021-07-17T15:05:03","modified_gmt":"2021-07-17T19:05:03","slug":"lolympic-de-safi-et-le-raja-de-casablanca-font-match-nul","status":"publish","type":"post","link":"https:\/\/linitiative.ca\/International\/lolympic-de-safi-et-le-raja-de-casablanca-font-match-nul\/","title":{"rendered":"L\u2019Olympic de Safi et le Raja de Casablanca font match nul"},"content":{"rendered":"<div>\n<div style=\"margin-bottom:20px;\"><img loading=\"lazy\" decoding=\"async\" width=\"750\" height=\"430\" src=\"https:\/\/linitiative.ca\/International\/wp-content\/uploads\/sites\/23\/2021\/07\/ocs-3.jpg\" class=\"attachment-post-thumbnail size-post-thumbnail wp-post-image\" alt=\"\" srcset=\"https:\/\/linitiative.ca\/International\/wp-content\/uploads\/sites\/23\/2021\/07\/ocs-3.jpg 750w, http:\/\/www.mapmarrakech.ma\/map\/uploads\/2021\/06\/ocs-300x172.jpg 300w\" sizes=\"auto, (max-width: 750px) 100vw, 750px\"><\/div>\n<p>Ben Malango (38\u00e8) et Fabrice Ngoma (90\u00e8) ont marqu\u00e9 pour les Verts, tandis que les buts des locaux ont \u00e9t\u00e9 l\u2019oeuvre de Mehdi Attouchi (59\u00e8) et Walid Sebbar (71\u00e8).<\/p>\n<p>Suite \u00e0 ce r\u00e9sultat, le Raja reste toujours en deuxi\u00e8me position (53 pts). L\u2019OCS occupe la 8\u00e8 place avec 33 unit\u00e9s.<\/p>\n<p>Dans la soir\u00e9e, l\u2019AS FAR se d\u00e9place \u00e0 Agadir pour affronter le Hassania et le Moghreb de T\u00e9touan re\u00e7oit le Mouloudia d\u2019Oujda.<\/p>\n<p>The post <a rel=\"nofollow\" href=\"http:\/\/www.mapmarrakech.ma\/fr\/lolympic-de-safi-et-le-raja-de-casablanca-font-match-nul\/\">L\u2019Olympic de Safi et le Raja de Casablanca font match nul<\/a> appeared first on <a rel=\"nofollow\" href=\"http:\/\/www.mapmarrakech.ma\/fr\">MapMarrakech<\/a>.<\/p>\n<\/div>\n<p>Auteur: Meriem IGASS<br \/>\n<a href=\"http:\/\/www.mapmarrakech.ma\/fr\/lolympic-de-safi-et-le-raja-de-casablanca-font-match-nul\/\">Cliquez ici pour lire l&rsquo;article depuis sa source.<\/a><\/p>\n","protected":false},"excerpt":{"rendered":"<p>Ben Malango (38\u00e8) et Fabrice Ngoma (90\u00e8) ont marqu\u00e9 pour les Verts, tandis que les buts des locaux ont \u00e9t\u00e9 l\u2019oeuvre de Mehdi Attouchi (59\u00e8) et Walid Sebbar (71\u00e8). Suite \u00e0 ce r\u00e9sultat, le Raja reste toujours en deuxi\u00e8me position (53 pts). L\u2019OCS occupe la 8\u00e8 place avec 33 unit\u00e9s. Dans la soir\u00e9e, l\u2019AS FAR [&hellip;]<\/p>\n","protected":false},"author":1788,"featured_media":0,"comment_status":"closed","ping_status":"closed","sticky":false,"template":"","format":"standard","meta":{"fifu_image_url":"http:\/\/www.mapmarrakech.ma\/map\/uploads\/2021\/06\/ocs.jpg","fifu_image_alt":"L\u2019Olympic de Safi et le Raja de Casablanca font match nul","footnotes":""},"categories":[54,76],"tags":[],"class_list":["post-121736","post","type-post","status-publish","format-standard","hentry","category-maroc","category-regions"],"_links":{"self":[{"href":"https:\/\/linitiative.ca\/International\/wp-json\/wp\/v2\/posts\/121736","targetHints":{"allow":["GET"]}}],"collection":[{"href":"https:\/\/linitiative.ca\/International\/wp-json\/wp\/v2\/posts"}],"about":[{"href":"https:\/\/linitiative.ca\/International\/wp-json\/wp\/v2\/types\/post"}],"author":[{"embeddable":true,"href":"https:\/\/linitiative.ca\/International\/wp-json\/wp\/v2\/users\/1788"}],"replies":[{"embeddable":true,"href":"https:\/\/linitiative.ca\/International\/wp-json\/wp\/v2\/comments?post=121736"}],"version-history":[{"count":0,"href":"https:\/\/linitiative.ca\/International\/wp-json\/wp\/v2\/posts\/121736\/revisions"}],"wp:attachment":[{"href":"https:\/\/linitiative.ca\/International\/wp-json\/wp\/v2\/media?parent=121736"}],"wp:term":[{"taxonomy":"category","embeddable":true,"href":"https:\/\/linitiative.ca\/International\/wp-json\/wp\/v2\/categories?post=121736"},{"taxonomy":"post_tag","embeddable":true,"href":"https:\/\/linitiative.ca\/International\/wp-json\/wp\/v2\/tags?post=121736"}],"curies":[{"name":"wp","href":"https:\/\/api.w.org\/{rel}","templated":true}]}}