{"id":121738,"date":"2021-07-17T22:01:08","date_gmt":"2021-07-18T02:01:08","guid":{"rendered":"https:\/\/linitiative.ca\/International\/covid-19-la-vaccination-elargie-aux-30-34-ans\/"},"modified":"2021-07-17T22:01:08","modified_gmt":"2021-07-18T02:01:08","slug":"covid-19-la-vaccination-elargie-aux-30-34-ans","status":"publish","type":"post","link":"https:\/\/linitiative.ca\/International\/covid-19-la-vaccination-elargie-aux-30-34-ans\/","title":{"rendered":"Covid-19: La vaccination \u00e9largie aux 30-34 ans"},"content":{"rendered":"<div>\n<div style=\"margin-bottom:20px;\"><img loading=\"lazy\" decoding=\"async\" width=\"750\" height=\"430\" src=\"https:\/\/linitiative.ca\/International\/wp-content\/uploads\/sites\/23\/2021\/07\/vaccin-1-copier.jpg\" class=\"attachment-post-thumbnail size-post-thumbnail wp-post-image\" alt=\"\" srcset=\"https:\/\/linitiative.ca\/International\/wp-content\/uploads\/sites\/23\/2021\/07\/vaccin-1-copier.jpg 750w, http:\/\/www.mapmarrakech.ma\/map\/uploads\/2021\/07\/vaccin-1-copier-300x172.jpg 300w\" sizes=\"auto, (max-width: 750px) 100vw, 750px\"><\/div>\n<p>Les citoyens ayant re\u00e7u des SMS leur indiquant le rendez-vous de la prise de la dose de vaccin sont invit\u00e9s \u00e0 se rendre dans les centres de vaccination pour se faire vacciner, indique le minist\u00e8re dans un communiqu\u00e9, invitant les autres cat\u00e9gories qui ne se sont pas encore fait vacciner \u00e0 envoyer le num\u00e9ro de leur CNIE au 1717 ou se rendre sur le site www.liqahcorona.ma pour prendre un rendez-vous.<\/p>\n<p>Par ailleurs, dans le souci d\u2019assurer le bon d\u00e9roulement de l\u2019op\u00e9ration de vaccination, les centres de vaccinations seront ouverts d\u00e8s le lendemain de l\u2019A\u00efd Al Adha (jeudi et vendredi), poursuit la m\u00eame source, expliquant que l\u2019objectif est de permettre aux citoyens dont les rendez-vous sont programm\u00e9s durant ces deux jours de b\u00e9n\u00e9ficier de la vaccination.<\/p>\n<p>Le minist\u00e8re exhorte toutes les cat\u00e9gories cibl\u00e9es \u00e0 poursuivre leur adh\u00e9sion \u00e0 ce chantier national, en respectant les orientations des autorit\u00e9s sanitaires et en se conformant aux mesures de pr\u00e9vention avant et apr\u00e8s la vaccination, le but \u00e9tant de contribuer \u00e0 l\u2019effort national visant l\u2019endiguement de la circulation du virus, en vue d\u2019atteindre l\u2019immunit\u00e9 collective, conclut le communiqu\u00e9.<\/p>\n<p>The post <a rel=\"nofollow\" href=\"http:\/\/www.mapmarrakech.ma\/fr\/covid-19-la-vaccination-elargie-aux-30-34-ans\/\">Covid-19: La vaccination \u00e9largie aux 30-34 ans<\/a> appeared first on <a rel=\"nofollow\" href=\"http:\/\/www.mapmarrakech.ma\/fr\">MapMarrakech<\/a>.<\/p>\n<\/div>\n<p>Auteur: Meriem IGASS<br \/>\n<a href=\"http:\/\/www.mapmarrakech.ma\/fr\/covid-19-la-vaccination-elargie-aux-30-34-ans\/\">Cliquez ici pour lire l&rsquo;article depuis sa source.<\/a><\/p>\n","protected":false},"excerpt":{"rendered":"<p>Les citoyens ayant re\u00e7u des SMS leur indiquant le rendez-vous de la prise de la dose de vaccin sont invit\u00e9s \u00e0 se rendre dans les centres de vaccination pour se faire vacciner, indique le minist\u00e8re dans un communiqu\u00e9, invitant les autres cat\u00e9gories qui ne se sont pas encore fait vacciner \u00e0 envoyer le num\u00e9ro de [&hellip;]<\/p>\n","protected":false},"author":1788,"featured_media":0,"comment_status":"closed","ping_status":"closed","sticky":false,"template":"","format":"standard","meta":{"fifu_image_url":"http:\/\/www.mapmarrakech.ma\/map\/uploads\/2021\/07\/vaccin-1-copier.jpg","fifu_image_alt":"Covid-19: La vaccination \u00e9largie aux 30-34 ans","footnotes":""},"categories":[54,76],"tags":[],"class_list":["post-121738","post","type-post","status-publish","format-standard","hentry","category-maroc","category-regions"],"_links":{"self":[{"href":"https:\/\/linitiative.ca\/International\/wp-json\/wp\/v2\/posts\/121738","targetHints":{"allow":["GET"]}}],"collection":[{"href":"https:\/\/linitiative.ca\/International\/wp-json\/wp\/v2\/posts"}],"about":[{"href":"https:\/\/linitiative.ca\/International\/wp-json\/wp\/v2\/types\/post"}],"author":[{"embeddable":true,"href":"https:\/\/linitiative.ca\/International\/wp-json\/wp\/v2\/users\/1788"}],"replies":[{"embeddable":true,"href":"https:\/\/linitiative.ca\/International\/wp-json\/wp\/v2\/comments?post=121738"}],"version-history":[{"count":0,"href":"https:\/\/linitiative.ca\/International\/wp-json\/wp\/v2\/posts\/121738\/revisions"}],"wp:attachment":[{"href":"https:\/\/linitiative.ca\/International\/wp-json\/wp\/v2\/media?parent=121738"}],"wp:term":[{"taxonomy":"category","embeddable":true,"href":"https:\/\/linitiative.ca\/International\/wp-json\/wp\/v2\/categories?post=121738"},{"taxonomy":"post_tag","embeddable":true,"href":"https:\/\/linitiative.ca\/International\/wp-json\/wp\/v2\/tags?post=121738"}],"curies":[{"name":"wp","href":"https:\/\/api.w.org\/{rel}","templated":true}]}}