{"id":121740,"date":"2021-07-18T05:38:50","date_gmt":"2021-07-18T09:38:50","guid":{"rendered":"https:\/\/linitiative.ca\/International\/role-des-politiques-publiques-dans-le-developpement-territorial\/"},"modified":"2021-07-18T05:38:50","modified_gmt":"2021-07-18T09:38:50","slug":"role-des-politiques-publiques-dans-le-developpement-territorial","status":"publish","type":"post","link":"https:\/\/linitiative.ca\/International\/role-des-politiques-publiques-dans-le-developpement-territorial\/","title":{"rendered":"R\u00f4le des politiques publiques dans le d\u00e9veloppement territorial"},"content":{"rendered":"<div>\n<div style=\"margin-bottom:20px;\"><img loading=\"lazy\" decoding=\"async\" width=\"750\" height=\"430\" src=\"https:\/\/linitiative.ca\/International\/wp-content\/uploads\/sites\/23\/2021\/07\/Essaouirar-EST.jpg\" class=\"attachment-post-thumbnail size-post-thumbnail wp-post-image\" alt=\"\" srcset=\"https:\/\/linitiative.ca\/International\/wp-content\/uploads\/sites\/23\/2021\/07\/Essaouirar-EST.jpg 750w, http:\/\/www.mapmarrakech.ma\/map\/uploads\/2021\/07\/Essaouirar-EST-300x172.jpg 300w\" sizes=\"auto, (max-width: 750px) 100vw, 750px\"><\/div>\n<p>Cette rencontre de deux jours, qui a vu la participation d\u2019un parterre de professeurs universitaires, de chercheurs, de praticiens et d\u2019acteurs locaux de divers horizons, intervient dans le cadre de l\u2019ouverture de l\u2019Universit\u00e9 Cadi Ayyad (UCA) de Marrakech sur son environnement socio-\u00e9conomique, et se veut une contribution du CI2RC au d\u00e9bat en cours autour de la question fondamentale du d\u00e9veloppement, dans le sillage de la publication du rapport g\u00e9n\u00e9ral de la Commission Sp\u00e9ciale sur le Mod\u00e8le du D\u00e9veloppement.<\/p>\n<p>Marqu\u00e9 par un d\u00e9bat franc et interactif, ce s\u00e9minaire a \u00e9t\u00e9 l\u2019occasion pour les participants de mettre le doigt notamment sur certains dysfonctionnements et entraves qui se dressent devant la r\u00e9alisation du d\u00e9veloppement souhait\u00e9, en particulier \u00e0 l\u2019\u00e9chelle locale.<\/p>\n<p>S\u2019exprimant lors de cette rencontre, la pr\u00e9sidente du CI2RC, Mme Kholoud Kahime a soulign\u00e9 le r\u00f4le primordial que jouent les politiques publiques dans la gestion territoriale et la r\u00e9alisation des objectifs du d\u00e9veloppement, surtout que l\u2019ensemble de ces politiques sont ex\u00e9cut\u00e9es \u00e0 diff\u00e9rents niveaux et touchent divers domaines (social, \u00e9conomique, \u00e9cologique\u2026).<\/p>\n<p>Toutefois, a-t-elle fait constater, \u00ab\u00a0il existe toujours des difficult\u00e9s qui entravent la r\u00e9alisation des objectifs de ces politiques publiques sur les plans local, r\u00e9gional, voire national, et qui sont g\u00e9n\u00e9ralement en rapport avec la bonne gouvernance et la disponibilit\u00e9 des ressources humaines et financi\u00e8res.<\/p>\n<p>\u00ab\u00a0Notre challenge actuellement est de relever les d\u00e9fis que le rapport sur le Nouveau Mod\u00e8le de D\u00e9veloppement a soulev\u00e9s\u00a0\u00bb, a encha\u00een\u00e9 Mme Kahime.<\/p>\n<p>De son c\u00f4t\u00e9, M. Jaouad Rebbaa, professeur des sciences politiques et du droit constitutionnel \u00e0 la Facult\u00e9 de Droit \u00e0 Ait Melloul, qui animait la s\u00e9ance pl\u00e9ni\u00e8re, a pr\u00e9sent\u00e9 un expos\u00e9 exhaustif ax\u00e9 sur le r\u00f4le des collectivit\u00e9s locales dans les politiques publiques, avec un accent particulier sur les d\u00e9fis auxquels sont confront\u00e9es actuellement les collectivit\u00e9s territoriales dans le cadre de la mise en \u0153uvre de la r\u00e9gionalisation avanc\u00e9e.<\/p>\n<p>M. Rebbaa a \u00e9galement mis en avant l\u2019importance cruciale de la bonne gouvernance, tout en insistant sur l\u2019imp\u00e9ratif de l\u2019implication effective de l\u2019ensemble des parties prenantes pour la r\u00e9alisation du d\u00e9veloppement escompt\u00e9 des territoires.<\/p>\n<p>Par la suite, un d\u00e9bat fructueux a \u00e9t\u00e9 ouvert sur cette question fondamentale, \u00e0 travers une table ronde autour des \u00ab\u00a0politiques publiques et les enjeux du d\u00e9veloppement territorial\u00a0\u00bb, avec la participation d\u2019une pl\u00e9iade de chercheurs, de praticiens et d\u2019acteurs locaux.<\/p>\n<p>Au menu de cette rencontre, figurait aussi une session de formation de deux jours (16 et 17 juillet) sur le marketing politique, initi\u00e9e par le CI2RC au profit des \u00e9lus locaux, avec pour objectif d\u2019op\u00e9rer un changement dans les m\u00e9thodes traditionnelles de communication entre les potentiels \u00e9lus et les citoyens.<\/p>\n<p>The post <a rel=\"nofollow\" href=\"http:\/\/www.mapmarrakech.ma\/fr\/role-des-politiques-publiques-dans-le-developpement-territorial\/\">R\u00f4le des politiques publiques dans le d\u00e9veloppement territorial<\/a> appeared first on <a rel=\"nofollow\" href=\"http:\/\/www.mapmarrakech.ma\/fr\">MapMarrakech<\/a>.<\/p>\n<\/div>\n<p>Auteur: Meriem IGASS<br \/>\n<a href=\"http:\/\/www.mapmarrakech.ma\/fr\/role-des-politiques-publiques-dans-le-developpement-territorial\/\">Cliquez ici pour lire l&rsquo;article depuis sa source.<\/a><\/p>\n","protected":false},"excerpt":{"rendered":"<p>Cette rencontre de deux jours, qui a vu la participation d\u2019un parterre de professeurs universitaires, de chercheurs, de praticiens et d\u2019acteurs locaux de divers horizons, intervient dans le cadre de l\u2019ouverture de l\u2019Universit\u00e9 Cadi Ayyad (UCA) de Marrakech sur son environnement socio-\u00e9conomique, et se veut une contribution du CI2RC au d\u00e9bat en cours autour de [&hellip;]<\/p>\n","protected":false},"author":1788,"featured_media":0,"comment_status":"closed","ping_status":"closed","sticky":false,"template":"","format":"standard","meta":{"fifu_image_url":"http:\/\/www.mapmarrakech.ma\/map\/uploads\/2021\/07\/Essaouirar-EST.jpg","fifu_image_alt":"R\u00f4le des politiques publiques dans le d\u00e9veloppement territorial","footnotes":""},"categories":[54,76],"tags":[],"class_list":["post-121740","post","type-post","status-publish","format-standard","hentry","category-maroc","category-regions"],"_links":{"self":[{"href":"https:\/\/linitiative.ca\/International\/wp-json\/wp\/v2\/posts\/121740","targetHints":{"allow":["GET"]}}],"collection":[{"href":"https:\/\/linitiative.ca\/International\/wp-json\/wp\/v2\/posts"}],"about":[{"href":"https:\/\/linitiative.ca\/International\/wp-json\/wp\/v2\/types\/post"}],"author":[{"embeddable":true,"href":"https:\/\/linitiative.ca\/International\/wp-json\/wp\/v2\/users\/1788"}],"replies":[{"embeddable":true,"href":"https:\/\/linitiative.ca\/International\/wp-json\/wp\/v2\/comments?post=121740"}],"version-history":[{"count":0,"href":"https:\/\/linitiative.ca\/International\/wp-json\/wp\/v2\/posts\/121740\/revisions"}],"wp:attachment":[{"href":"https:\/\/linitiative.ca\/International\/wp-json\/wp\/v2\/media?parent=121740"}],"wp:term":[{"taxonomy":"category","embeddable":true,"href":"https:\/\/linitiative.ca\/International\/wp-json\/wp\/v2\/categories?post=121740"},{"taxonomy":"post_tag","embeddable":true,"href":"https:\/\/linitiative.ca\/International\/wp-json\/wp\/v2\/tags?post=121740"}],"curies":[{"name":"wp","href":"https:\/\/api.w.org\/{rel}","templated":true}]}}