{"id":121742,"date":"2021-07-18T08:49:55","date_gmt":"2021-07-18T12:49:55","guid":{"rendered":"https:\/\/linitiative.ca\/International\/hamid-bentahar-elu-nouveau-president-de-la-cnt\/"},"modified":"2021-07-18T08:49:55","modified_gmt":"2021-07-18T12:49:55","slug":"hamid-bentahar-elu-nouveau-president-de-la-cnt","status":"publish","type":"post","link":"https:\/\/linitiative.ca\/International\/hamid-bentahar-elu-nouveau-president-de-la-cnt\/","title":{"rendered":"Hamid Bentahar \u00e9lu nouveau pr\u00e9sident de la CNT"},"content":{"rendered":"<div>\n<div style=\"margin-bottom:20px;\"><img loading=\"lazy\" decoding=\"async\" width=\"750\" height=\"430\" src=\"https:\/\/linitiative.ca\/International\/wp-content\/uploads\/sites\/23\/2021\/07\/Hamid-Bentahar-1-copier.jpg\" class=\"attachment-post-thumbnail size-post-thumbnail wp-post-image\" alt=\"\" srcset=\"https:\/\/linitiative.ca\/International\/wp-content\/uploads\/sites\/23\/2021\/07\/Hamid-Bentahar-1-copier.jpg 750w, http:\/\/www.mapmarrakech.ma\/map\/uploads\/2021\/07\/Hamid-Bentahar-1-copier-300x172.jpg 300w\" sizes=\"auto, (max-width: 750px) 100vw, 750px\"><\/div>\n<p>Incarnant la nouveaut\u00e9, la cr\u00e9ativit\u00e9 et l\u2019avenir, le bin\u00f4me Hamid Bentahar-Hicham Mhammedi Alaoui, qui succ\u00e8de \u00e0 Abdellatif Kabbaj-Fouzi Zemrani, a ainsi remport\u00e9 la campagne \u00e9lectorale pour la pr\u00e9sidence de la Conf\u00e9d\u00e9ration avec 139 voix sur 142 exprim\u00e9es.<\/p>\n<p>\u00ab\u00a0C\u2019est avec une grande \u00e9motion que j\u2019endosse aujourd\u2019hui cet habit de pr\u00e9sident de notre Conf\u00e9d\u00e9ration nationale du tourisme, notre maison \u00e0 tous et j\u2019en saisi toute la responsabilit\u00e9 que cela implique dans ce contexte \u00e9conomique sans pr\u00e9c\u00e9dent\u00a0\u00bb, a dit M. Bentahar dans son allocution \u00e0 cette occasion.<\/p>\n<p>M. Bentahar, pr\u00e9sident du Conseil r\u00e9gional du Tourisme (CRT) de Marrakech-Safi et PDG du groupe Accor Gestion Maroc, et son colistier M. Mhammedi Alaoui, co-fondateur de \u00ab\u00a0Exp\u00e9rience Morocco\u00a0\u00bb, agence de voyage premium, vont repr\u00e9senter la profession et d\u00e9fendre ses int\u00e9r\u00eats \u00e0 m\u00eame d\u2019assurer une relance viable et p\u00e9renne de l\u2019activit\u00e9.<\/p>\n<p>L\u2019union, l\u2019unit\u00e9 et l\u2019inclusion de la profession sont les ma\u00eetres-mots de ce bin\u00f4me qui vise \u00e0 contribuer \u00e0 la comp\u00e9titivit\u00e9 du tourisme marocain.<\/p>\n<p>The post <a rel=\"nofollow\" href=\"http:\/\/www.mapmarrakech.ma\/fr\/hamid-bentahar-elu-nouveau-president-de-la-cnt\/\">Hamid Bentahar \u00e9lu nouveau pr\u00e9sident de la CNT<\/a> appeared first on <a rel=\"nofollow\" href=\"http:\/\/www.mapmarrakech.ma\/fr\">MapMarrakech<\/a>.<\/p>\n<\/div>\n<p>Auteur: Meriem IGASS<br \/>\n<a href=\"http:\/\/www.mapmarrakech.ma\/fr\/hamid-bentahar-elu-nouveau-president-de-la-cnt\/\">Cliquez ici pour lire l&rsquo;article depuis sa source.<\/a><\/p>\n","protected":false},"excerpt":{"rendered":"<p>Incarnant la nouveaut\u00e9, la cr\u00e9ativit\u00e9 et l\u2019avenir, le bin\u00f4me Hamid Bentahar-Hicham Mhammedi Alaoui, qui succ\u00e8de \u00e0 Abdellatif Kabbaj-Fouzi Zemrani, a ainsi remport\u00e9 la campagne \u00e9lectorale pour la pr\u00e9sidence de la Conf\u00e9d\u00e9ration avec 139 voix sur 142 exprim\u00e9es. \u00ab\u00a0C\u2019est avec une grande \u00e9motion que j\u2019endosse aujourd\u2019hui cet habit de pr\u00e9sident de notre Conf\u00e9d\u00e9ration nationale du tourisme, [&hellip;]<\/p>\n","protected":false},"author":1788,"featured_media":0,"comment_status":"closed","ping_status":"closed","sticky":false,"template":"","format":"standard","meta":{"fifu_image_url":"http:\/\/www.mapmarrakech.ma\/map\/uploads\/2021\/07\/Hamid-Bentahar-1-copier.jpg","fifu_image_alt":"Hamid Bentahar \u00e9lu nouveau pr\u00e9sident de la CNT","footnotes":""},"categories":[54,76],"tags":[],"class_list":["post-121742","post","type-post","status-publish","format-standard","hentry","category-maroc","category-regions"],"_links":{"self":[{"href":"https:\/\/linitiative.ca\/International\/wp-json\/wp\/v2\/posts\/121742","targetHints":{"allow":["GET"]}}],"collection":[{"href":"https:\/\/linitiative.ca\/International\/wp-json\/wp\/v2\/posts"}],"about":[{"href":"https:\/\/linitiative.ca\/International\/wp-json\/wp\/v2\/types\/post"}],"author":[{"embeddable":true,"href":"https:\/\/linitiative.ca\/International\/wp-json\/wp\/v2\/users\/1788"}],"replies":[{"embeddable":true,"href":"https:\/\/linitiative.ca\/International\/wp-json\/wp\/v2\/comments?post=121742"}],"version-history":[{"count":0,"href":"https:\/\/linitiative.ca\/International\/wp-json\/wp\/v2\/posts\/121742\/revisions"}],"wp:attachment":[{"href":"https:\/\/linitiative.ca\/International\/wp-json\/wp\/v2\/media?parent=121742"}],"wp:term":[{"taxonomy":"category","embeddable":true,"href":"https:\/\/linitiative.ca\/International\/wp-json\/wp\/v2\/categories?post=121742"},{"taxonomy":"post_tag","embeddable":true,"href":"https:\/\/linitiative.ca\/International\/wp-json\/wp\/v2\/tags?post=121742"}],"curies":[{"name":"wp","href":"https:\/\/api.w.org\/{rel}","templated":true}]}}