{"id":121744,"date":"2021-07-18T00:23:31","date_gmt":"2021-07-18T04:23:31","guid":{"rendered":"https:\/\/linitiative.ca\/International\/la-marine-royale-porte-assistance-a-un-plaisancier-espagnol-en-difficulte-en-mer\/"},"modified":"2021-07-18T00:23:31","modified_gmt":"2021-07-18T04:23:31","slug":"la-marine-royale-porte-assistance-a-un-plaisancier-espagnol-en-difficulte-en-mer","status":"publish","type":"post","link":"https:\/\/linitiative.ca\/International\/la-marine-royale-porte-assistance-a-un-plaisancier-espagnol-en-difficulte-en-mer\/","title":{"rendered":"La Marine Royale porte assistance \u00e0 un plaisancier espagnol en difficult\u00e9 en mer"},"content":{"rendered":"<div>\n<div style=\"margin-bottom:20px;\"><img loading=\"lazy\" decoding=\"async\" width=\"750\" height=\"430\" src=\"https:\/\/linitiative.ca\/International\/wp-content\/uploads\/sites\/23\/2021\/07\/Des-Garde-cC3B4tes-de-la-Marine-Royale-750C397430-MAP.jpg\" class=\"attachment-post-thumbnail size-post-thumbnail wp-post-image\" alt=\"\" srcset=\"https:\/\/linitiative.ca\/International\/wp-content\/uploads\/sites\/23\/2021\/07\/Des-Garde-cC3B4tes-de-la-Marine-Royale-750C397430-MAP.jpg 750w, http:\/\/www.mapoujda.ma\/map\/uploads\/2021\/07\/Des-Garde-c\u00f4tes-de-la-Marine-Royale-750\u00d7430-MAP-300x172.jpg 300w\" sizes=\"auto, (max-width: 750px) 100vw, 750px\"><\/div>\n<div>\n<p style=\"text-align: justify;\">Un garde-c\u00f4tes de la Marine Royale a port\u00e9 assistance, samedi en fin d\u2019apr\u00e8s-midi, au yacht espagnol Galilea, qui se trouvait \u00e0 la d\u00e9rive, suite \u00e0 une panne moteur survenue au large de Nador \u00e0 environ 20 kms, apprend-on de source militaire.<\/p>\n<p style=\"text-align: justify;\">L\u2019op\u00e9ration de remorquage, qui a commenc\u00e9 \u00e0 18h30, a permis de ramener le plaisancier, avec \u00e0 bord sept Espagnols, sains et saufs \u00e0 l\u2019avant port de Nador \u00e0 20h45, pr\u00e9cise-t-on de m\u00eame source.<\/p>\n<\/div>\n<p>L\u2019article <a rel=\"nofollow\" href=\"http:\/\/www.mapoujda.ma\/fr\/la-marine-royale-porte-assistance-a-un-plaisancier-espagnol-en-difficulte-en-mer\/\">La Marine Royale porte assistance \u00e0 un plaisancier espagnol en difficult\u00e9 en mer<\/a> est apparu en premier sur <a rel=\"nofollow\" href=\"http:\/\/www.mapoujda.ma\/fr\">MapOujda<\/a>.<\/p>\n<\/div>\n<p>Auteur: Soufiane ELAHMAR<br \/>\n<a href=\"http:\/\/www.mapoujda.ma\/fr\/la-marine-royale-porte-assistance-a-un-plaisancier-espagnol-en-difficulte-en-mer\/\">Cliquez ici pour lire l&rsquo;article depuis sa source.<\/a><\/p>\n","protected":false},"excerpt":{"rendered":"<p>Un garde-c\u00f4tes de la Marine Royale a port\u00e9 assistance, samedi en fin d\u2019apr\u00e8s-midi, au yacht espagnol Galilea, qui se trouvait \u00e0 la d\u00e9rive, suite \u00e0 une panne moteur survenue au large de Nador \u00e0 environ 20 kms, apprend-on de source militaire. L\u2019op\u00e9ration de remorquage, qui a commenc\u00e9 \u00e0 18h30, a permis de ramener le plaisancier, [&hellip;]<\/p>\n","protected":false},"author":1788,"featured_media":0,"comment_status":"closed","ping_status":"closed","sticky":false,"template":"","format":"standard","meta":{"fifu_image_url":"http:\/\/www.mapoujda.ma\/map\/uploads\/2021\/07\/Des-Garde-c\u00f4tes-de-la-Marine-Royale-750\u00d7430-MAP.jpg","fifu_image_alt":"La Marine Royale porte assistance \u00e0 un plaisancier espagnol en difficult\u00e9 en mer","footnotes":""},"categories":[54,76],"tags":[],"class_list":["post-121744","post","type-post","status-publish","format-standard","hentry","category-maroc","category-regions"],"_links":{"self":[{"href":"https:\/\/linitiative.ca\/International\/wp-json\/wp\/v2\/posts\/121744","targetHints":{"allow":["GET"]}}],"collection":[{"href":"https:\/\/linitiative.ca\/International\/wp-json\/wp\/v2\/posts"}],"about":[{"href":"https:\/\/linitiative.ca\/International\/wp-json\/wp\/v2\/types\/post"}],"author":[{"embeddable":true,"href":"https:\/\/linitiative.ca\/International\/wp-json\/wp\/v2\/users\/1788"}],"replies":[{"embeddable":true,"href":"https:\/\/linitiative.ca\/International\/wp-json\/wp\/v2\/comments?post=121744"}],"version-history":[{"count":0,"href":"https:\/\/linitiative.ca\/International\/wp-json\/wp\/v2\/posts\/121744\/revisions"}],"wp:attachment":[{"href":"https:\/\/linitiative.ca\/International\/wp-json\/wp\/v2\/media?parent=121744"}],"wp:term":[{"taxonomy":"category","embeddable":true,"href":"https:\/\/linitiative.ca\/International\/wp-json\/wp\/v2\/categories?post=121744"},{"taxonomy":"post_tag","embeddable":true,"href":"https:\/\/linitiative.ca\/International\/wp-json\/wp\/v2\/tags?post=121744"}],"curies":[{"name":"wp","href":"https:\/\/api.w.org\/{rel}","templated":true}]}}