{"id":121750,"date":"2021-07-18T13:00:11","date_gmt":"2021-07-18T17:00:11","guid":{"rendered":"https:\/\/linitiative.ca\/International\/le-conge-de-laid-al-adha-les-21-au-22-juillet\/"},"modified":"2021-07-18T13:00:11","modified_gmt":"2021-07-18T17:00:11","slug":"le-conge-de-laid-al-adha-les-21-au-22-juillet","status":"publish","type":"post","link":"https:\/\/linitiative.ca\/International\/le-conge-de-laid-al-adha-les-21-au-22-juillet\/","title":{"rendered":"Le cong\u00e9 de l\u2019A\u00efd Al Adha les 21 au 22 juillet"},"content":{"rendered":"<div>\n<div style=\"margin-bottom:20px;\"><img loading=\"lazy\" decoding=\"async\" width=\"750\" height=\"430\" src=\"https:\/\/linitiative.ca\/International\/wp-content\/uploads\/sites\/23\/2021\/07\/Le-MinistC3A8re-de-lE28099C389conomie-des-Finances-et-de-la-RC3A9forme-de-lE28099Administration-M750C397430-MAP-2.jpg\" class=\"attachment-post-thumbnail size-post-thumbnail wp-post-image\" alt=\"\" srcset=\"https:\/\/linitiative.ca\/International\/wp-content\/uploads\/sites\/23\/2021\/07\/Le-MinistC3A8re-de-lE28099C389conomie-des-Finances-et-de-la-RC3A9forme-de-lE28099Administration-M750C397430-MAP-2.jpg 750w, http:\/\/www.mapoujda.ma\/map\/uploads\/2020\/03\/Le-Minist\u00e8re-de-l\u2019\u00c9conomie-des-Finances-et-de-la-R\u00e9forme-de-l\u2019Administration-M750\u00d7430-MAP-2-300x172.jpg 300w\" sizes=\"auto, (max-width: 750px) 100vw, 750px\"><\/div>\n<p style=\"text-align: justify;\">Les administrations, \u00e9tablissements publics et collectivit\u00e9s territoriales seront en cong\u00e9 les 21 et 22 juillet, \u00e0 l\u2019occasion de la f\u00eate de l\u2019A\u00efd Al Adha, a annonc\u00e9 le d\u00e9partement de la R\u00e9forme de l\u2019Administration.<\/p>\n<p style=\"text-align: justify;\">Le travail reprendra le 23 juillet, pr\u00e9cise le d\u00e9partement minist\u00e9riel dans un communiqu\u00e9.<\/p>\n<p style=\"text-align: justify;\">Ces jours f\u00e9ri\u00e9s sont fix\u00e9s en vertu du d\u00e9cret 169-77-2 du 28 f\u00e9vrier 1977, pr\u00e9cise-t-on.<\/p>\n<p>L\u2019article <a rel=\"nofollow\" href=\"http:\/\/www.mapoujda.ma\/fr\/le-conge-de-laid-al-adha-les-21-au-22-juillet\/\">Le cong\u00e9 de l\u2019A\u00efd Al Adha les 21 au 22 juillet<\/a> est apparu en premier sur <a rel=\"nofollow\" href=\"http:\/\/www.mapoujda.ma\/fr\">MapOujda<\/a>.<\/p>\n<\/div>\n<p>Auteur: Soufiane ELAHMAR<br \/>\n<a href=\"http:\/\/www.mapoujda.ma\/fr\/le-conge-de-laid-al-adha-les-21-au-22-juillet\/\">Cliquez ici pour lire l&rsquo;article depuis sa source.<\/a><\/p>\n","protected":false},"excerpt":{"rendered":"<p>Les administrations, \u00e9tablissements publics et collectivit\u00e9s territoriales seront en cong\u00e9 les 21 et 22 juillet, \u00e0 l\u2019occasion de la f\u00eate de l\u2019A\u00efd Al Adha, a annonc\u00e9 le d\u00e9partement de la R\u00e9forme de l\u2019Administration. Le travail reprendra le 23 juillet, pr\u00e9cise le d\u00e9partement minist\u00e9riel dans un communiqu\u00e9. Ces jours f\u00e9ri\u00e9s sont fix\u00e9s en vertu du d\u00e9cret [&hellip;]<\/p>\n","protected":false},"author":1788,"featured_media":0,"comment_status":"closed","ping_status":"closed","sticky":false,"template":"","format":"standard","meta":{"fifu_image_url":"http:\/\/www.mapoujda.ma\/map\/uploads\/2020\/03\/Le-Minist\u00e8re-de-l\u2019\u00c9conomie-des-Finances-et-de-la-R\u00e9forme-de-l\u2019Administration-M750\u00d7430-MAP-2.jpg","fifu_image_alt":"Le cong\u00e9 de l\u2019A\u00efd Al Adha les 21 au 22 juillet","footnotes":""},"categories":[54,76],"tags":[],"class_list":["post-121750","post","type-post","status-publish","format-standard","hentry","category-maroc","category-regions"],"_links":{"self":[{"href":"https:\/\/linitiative.ca\/International\/wp-json\/wp\/v2\/posts\/121750","targetHints":{"allow":["GET"]}}],"collection":[{"href":"https:\/\/linitiative.ca\/International\/wp-json\/wp\/v2\/posts"}],"about":[{"href":"https:\/\/linitiative.ca\/International\/wp-json\/wp\/v2\/types\/post"}],"author":[{"embeddable":true,"href":"https:\/\/linitiative.ca\/International\/wp-json\/wp\/v2\/users\/1788"}],"replies":[{"embeddable":true,"href":"https:\/\/linitiative.ca\/International\/wp-json\/wp\/v2\/comments?post=121750"}],"version-history":[{"count":0,"href":"https:\/\/linitiative.ca\/International\/wp-json\/wp\/v2\/posts\/121750\/revisions"}],"wp:attachment":[{"href":"https:\/\/linitiative.ca\/International\/wp-json\/wp\/v2\/media?parent=121750"}],"wp:term":[{"taxonomy":"category","embeddable":true,"href":"https:\/\/linitiative.ca\/International\/wp-json\/wp\/v2\/categories?post=121750"},{"taxonomy":"post_tag","embeddable":true,"href":"https:\/\/linitiative.ca\/International\/wp-json\/wp\/v2\/tags?post=121750"}],"curies":[{"name":"wp","href":"https:\/\/api.w.org\/{rel}","templated":true}]}}