{"id":121761,"date":"2021-07-18T07:55:00","date_gmt":"2021-07-18T11:55:00","guid":{"rendered":"https:\/\/linitiative.ca\/International\/la-zambie-met-fin-aux-fonctions-de-son-selectionneur\/"},"modified":"2021-07-18T07:55:00","modified_gmt":"2021-07-18T11:55:00","slug":"la-zambie-met-fin-aux-fonctions-de-son-selectionneur","status":"publish","type":"post","link":"https:\/\/linitiative.ca\/International\/la-zambie-met-fin-aux-fonctions-de-son-selectionneur\/","title":{"rendered":"La Zambie met fin aux fonctions de son s\u00e9lectionneur"},"content":{"rendered":"<div>La Zambie n\u2019a pas r\u00e9ussi \u00e0 se qualifier pour la prochaine Coupe d\u2019Afrique des nations (CAN), qu\u2019elle avait remport\u00e9e \u00e0 la surprise g\u00e9n\u00e9rale en 2012<img loading=\"lazy\" decoding=\"async\" src=\"http:\/\/feeds.feedburner.com\/~r\/GalerieFArtciles\/~4\/F-3ZliJwNvk\" height=\"1\" width=\"1\" alt=\"\"><\/div>\n<p>Auteur:<br \/>\n<a href=\"http:\/\/www.lebuteur.com\/article\/detail?titre=la-zambie-met-fin-aux-fonctions-de-son-selectionneur&#038;id=100649&#038;utm_source=feedburner&#038;utm_medium=feed&#038;utm_campaign=Feed%3A+GalerieFArtciles+%28Les+derniers+articles++-+lebuteur.com%29\">Cliquez ici pour lire l&rsquo;article depuis sa source.<\/a><\/p>\n","protected":false},"excerpt":{"rendered":"<p>La Zambie n\u2019a pas r\u00e9ussi \u00e0 se qualifier pour la prochaine Coupe d\u2019Afrique des nations (CAN), qu\u2019elle avait remport\u00e9e \u00e0 la surprise g\u00e9n\u00e9rale en 2012 Auteur: Cliquez ici pour lire l&rsquo;article depuis sa source.<\/p>\n","protected":false},"author":1738,"featured_media":0,"comment_status":"closed","ping_status":"closed","sticky":false,"template":"","format":"standard","meta":{"fifu_image_url":"http:\/\/feeds.feedburner.com\/~r\/GalerieFArtciles\/~4\/F-3ZliJwNvk","fifu_image_alt":"La Zambie met fin aux fonctions de son s\u00e9lectionneur","footnotes":""},"categories":[53,75],"tags":[],"class_list":["post-121761","post","type-post","status-publish","format-standard","hentry","category-algerie","category-sport"],"_links":{"self":[{"href":"https:\/\/linitiative.ca\/International\/wp-json\/wp\/v2\/posts\/121761","targetHints":{"allow":["GET"]}}],"collection":[{"href":"https:\/\/linitiative.ca\/International\/wp-json\/wp\/v2\/posts"}],"about":[{"href":"https:\/\/linitiative.ca\/International\/wp-json\/wp\/v2\/types\/post"}],"author":[{"embeddable":true,"href":"https:\/\/linitiative.ca\/International\/wp-json\/wp\/v2\/users\/1738"}],"replies":[{"embeddable":true,"href":"https:\/\/linitiative.ca\/International\/wp-json\/wp\/v2\/comments?post=121761"}],"version-history":[{"count":0,"href":"https:\/\/linitiative.ca\/International\/wp-json\/wp\/v2\/posts\/121761\/revisions"}],"wp:attachment":[{"href":"https:\/\/linitiative.ca\/International\/wp-json\/wp\/v2\/media?parent=121761"}],"wp:term":[{"taxonomy":"category","embeddable":true,"href":"https:\/\/linitiative.ca\/International\/wp-json\/wp\/v2\/categories?post=121761"},{"taxonomy":"post_tag","embeddable":true,"href":"https:\/\/linitiative.ca\/International\/wp-json\/wp\/v2\/tags?post=121761"}],"curies":[{"name":"wp","href":"https:\/\/api.w.org\/{rel}","templated":true}]}}