{"id":121768,"date":"2021-07-18T06:36:29","date_gmt":"2021-07-18T10:36:29","guid":{"rendered":"https:\/\/linitiative.ca\/International\/conference-de-presse-des-avocats-du-coordinateur-du-mds-fethi-ghares-est-une-voix-politique-qui-derange\/"},"modified":"2021-07-18T06:36:29","modified_gmt":"2021-07-18T10:36:29","slug":"conference-de-presse-des-avocats-du-coordinateur-du-mds-fethi-ghares-est-une-voix-politique-qui-derange","status":"publish","type":"post","link":"https:\/\/linitiative.ca\/International\/conference-de-presse-des-avocats-du-coordinateur-du-mds-fethi-ghares-est-une-voix-politique-qui-derange\/","title":{"rendered":"Conf\u00e9rence de presse des avocats du coordinateur du MDS : \u00abFethi Ghares est une voix politique qui d\u00e9range\u00bb"},"content":{"rendered":"<div>\n<div class=\"sriret\"><img decoding=\"async\" src=\"https:\/\/linitiative.ca\/International\/wp-content\/uploads\/sites\/23\/2021\/07\/default-picture-709x366_c-19.jpg\"><\/div>\n<p class=\"p1\"><span class=\"s1\"><b>La chambre d\u2019accusation de la cour d\u2019Alger devrait examiner aujourd\u2019hui l\u2019appel introduit par la d\u00e9fense contre le mandat de d\u00e9p\u00f4t du coordinateur du MDS, en d\u00e9tention depuis 20 jours. <\/b><\/span><\/p>\n<p class=\"p3\"><span class=\"s2\"><b>U<\/b><\/span><span class=\"s1\">ne conf\u00e9rence de presse a \u00e9t\u00e9 anim\u00e9e hier apr\u00e8s-midi, au si\u00e8ge du Mouvement d\u00e9mocratique et social (MDS) \u00e0 Alger, par les avocats de Fethi Ghares, le coordinateur national du MDS, en d\u00e9tention depuis 20 jours. A la tribune\u00a0: ma\u00eetres Abdellah Hebboul, Abdelghani Badi et Zahi Sa\u00efd. La conf\u00e9rence de presse \u00e9tait mod\u00e9r\u00e9e par notre cons\u0153ur de Radio M, Lynda Abbou. <\/span><\/p>\n<p>L\u2019article <a rel=\"nofollow\" href=\"https:\/\/www.elwatan.com\/edition\/actualite\/fethi-ghares-est-une-voix-politique-qui-derange-18-07-2021\">Conf\u00e9rence de presse des avocats du coordinateur du MDS : \u00abFethi Ghares est une voix politique qui d\u00e9range\u00bb<\/a> est apparu en premier sur <a rel=\"nofollow\" href=\"https:\/\/www.elwatan.com\/\">El Watan<\/a>.<\/p>\n<\/div>\n<p>Auteur: Anis Khecheba<br \/>\n<a href=\"https:\/\/www.elwatan.com\/edition\/actualite\/fethi-ghares-est-une-voix-politique-qui-derange-18-07-2021\">Cliquez ici pour lire l&rsquo;article depuis sa source.<\/a><\/p>\n","protected":false},"excerpt":{"rendered":"<p>La chambre d\u2019accusation de la cour d\u2019Alger devrait examiner aujourd\u2019hui l\u2019appel introduit par la d\u00e9fense contre le mandat de d\u00e9p\u00f4t du coordinateur du MDS, en d\u00e9tention depuis 20 jours. Une conf\u00e9rence de presse a \u00e9t\u00e9 anim\u00e9e hier apr\u00e8s-midi, au si\u00e8ge du Mouvement d\u00e9mocratique et social (MDS) \u00e0 Alger, par les avocats de Fethi Ghares, le [&hellip;]<\/p>\n","protected":false},"author":1743,"featured_media":0,"comment_status":"closed","ping_status":"closed","sticky":false,"template":"","format":"standard","meta":{"fifu_image_url":"https:\/\/www.elwatan.com\/wp-content\/themes\/spectr\/img\/default-picture-709x366_c.jpg","fifu_image_alt":"Conf\u00e9rence de presse des avocats du coordinateur du MDS : \u00abFethi Ghares est une voix politique qui d\u00e9range\u00bb","footnotes":""},"categories":[73,53],"tags":[],"class_list":["post-121768","post","type-post","status-publish","format-standard","hentry","category-actualite","category-algerie"],"_links":{"self":[{"href":"https:\/\/linitiative.ca\/International\/wp-json\/wp\/v2\/posts\/121768","targetHints":{"allow":["GET"]}}],"collection":[{"href":"https:\/\/linitiative.ca\/International\/wp-json\/wp\/v2\/posts"}],"about":[{"href":"https:\/\/linitiative.ca\/International\/wp-json\/wp\/v2\/types\/post"}],"author":[{"embeddable":true,"href":"https:\/\/linitiative.ca\/International\/wp-json\/wp\/v2\/users\/1743"}],"replies":[{"embeddable":true,"href":"https:\/\/linitiative.ca\/International\/wp-json\/wp\/v2\/comments?post=121768"}],"version-history":[{"count":0,"href":"https:\/\/linitiative.ca\/International\/wp-json\/wp\/v2\/posts\/121768\/revisions"}],"wp:attachment":[{"href":"https:\/\/linitiative.ca\/International\/wp-json\/wp\/v2\/media?parent=121768"}],"wp:term":[{"taxonomy":"category","embeddable":true,"href":"https:\/\/linitiative.ca\/International\/wp-json\/wp\/v2\/categories?post=121768"},{"taxonomy":"post_tag","embeddable":true,"href":"https:\/\/linitiative.ca\/International\/wp-json\/wp\/v2\/tags?post=121768"}],"curies":[{"name":"wp","href":"https:\/\/api.w.org\/{rel}","templated":true}]}}