{"id":121770,"date":"2021-07-18T06:37:01","date_gmt":"2021-07-18T10:37:01","guid":{"rendered":"https:\/\/linitiative.ca\/International\/multiplication-des-emeutes-liees-au-chomage-et-aux-coupures-deau-la-colere-des-citoyens-sintensifie\/"},"modified":"2021-07-18T06:37:01","modified_gmt":"2021-07-18T10:37:01","slug":"multiplication-des-emeutes-liees-au-chomage-et-aux-coupures-deau-la-colere-des-citoyens-sintensifie","status":"publish","type":"post","link":"https:\/\/linitiative.ca\/International\/multiplication-des-emeutes-liees-au-chomage-et-aux-coupures-deau-la-colere-des-citoyens-sintensifie\/","title":{"rendered":"Multiplication des \u00e9meutes li\u00e9es au ch\u00f4mage et aux coupures d\u2019eau : La col\u00e8re des citoyens s\u2019intensifie"},"content":{"rendered":"<div>\n<div class=\"sriret\"><img loading=\"lazy\" decoding=\"async\" width=\"835\" height=\"430\" src=\"https:\/\/linitiative.ca\/International\/wp-content\/uploads\/sites\/23\/2021\/07\/alger-835x430-1.jpg\" class=\"attachment-featured_large size-featured_large wp-post-image\" alt=\"\" style=\"margin-bottom: 15px;\" srcset=\"https:\/\/linitiative.ca\/International\/wp-content\/uploads\/sites\/23\/2021\/07\/alger-835x430-1.jpg 835w, https:\/\/www.elwatan.com\/wp-content\/uploads\/2021\/07\/alger-835x430-300x154.jpg 300w, https:\/\/www.elwatan.com\/wp-content\/uploads\/2021\/07\/alger-835x430-768x395.jpg 768w\" sizes=\"auto, (max-width: 835px) 100vw, 835px\"><\/div>\n<p class=\"p4\"><span class=\"s3\"><b>Plusieurs nuits durant, incendies et \u00e9meutes ont gagn\u00e9 des villes du Sud dans lesquelles la protestation, ayant d\u00e9but\u00e9 \u00e0 Ouargla, menace de se propager dans tout le Sud-Est alg\u00e9rien.<\/b><\/span><\/p>\n<p class=\"p4\"><span class=\"s4\"><b>U<\/b><\/span><span class=\"s3\">n vent de col\u00e8re souffle sur l\u2019Alg\u00e9rie. Cela fait maintenant quelques jours que des villes alg\u00e9riennes vivent au rythme des protestations li\u00e9es notamment au probl\u00e8me du ch\u00f4mage ainsi qu\u2019aux coupures d\u2019eau, ou encore au logement. <\/span><span class=\"s3\">Plusieurs nuits durant, incendies et \u00e9meutes ont gagn\u00e9 des villes du Sud dans lesquelles la protestation, ayant d\u00e9but\u00e9 \u00e0 Ouargla, menace de se propager dans tout le Sud-Est alg\u00e9rien.<\/span><\/p>\n<p>L\u2019article <a rel=\"nofollow\" href=\"https:\/\/www.elwatan.com\/edition\/actualite\/la-colere-des-citoyens-sintensifie-18-07-2021\">Multiplication des \u00e9meutes li\u00e9es au ch\u00f4mage et aux coupures d\u2019eau : La col\u00e8re des citoyens s\u2019intensifie<\/a> est apparu en premier sur <a rel=\"nofollow\" href=\"https:\/\/www.elwatan.com\/\">El Watan<\/a>.<\/p>\n<\/div>\n<p>Auteur: Anis Khecheba<br \/>\n<a href=\"https:\/\/www.elwatan.com\/edition\/actualite\/la-colere-des-citoyens-sintensifie-18-07-2021\">Cliquez ici pour lire l&rsquo;article depuis sa source.<\/a><\/p>\n","protected":false},"excerpt":{"rendered":"<p>Plusieurs nuits durant, incendies et \u00e9meutes ont gagn\u00e9 des villes du Sud dans lesquelles la protestation, ayant d\u00e9but\u00e9 \u00e0 Ouargla, menace de se propager dans tout le Sud-Est alg\u00e9rien. Un vent de col\u00e8re souffle sur l\u2019Alg\u00e9rie. Cela fait maintenant quelques jours que des villes alg\u00e9riennes vivent au rythme des protestations li\u00e9es notamment au probl\u00e8me du [&hellip;]<\/p>\n","protected":false},"author":1743,"featured_media":0,"comment_status":"closed","ping_status":"closed","sticky":false,"template":"","format":"standard","meta":{"fifu_image_url":"https:\/\/www.elwatan.com\/wp-content\/uploads\/2021\/07\/alger-835x430.jpg","fifu_image_alt":"Multiplication des \u00e9meutes li\u00e9es au ch\u00f4mage et aux coupures d\u2019eau : La col\u00e8re des citoyens s\u2019intensifie","footnotes":""},"categories":[73,53],"tags":[],"class_list":["post-121770","post","type-post","status-publish","format-standard","hentry","category-actualite","category-algerie"],"_links":{"self":[{"href":"https:\/\/linitiative.ca\/International\/wp-json\/wp\/v2\/posts\/121770","targetHints":{"allow":["GET"]}}],"collection":[{"href":"https:\/\/linitiative.ca\/International\/wp-json\/wp\/v2\/posts"}],"about":[{"href":"https:\/\/linitiative.ca\/International\/wp-json\/wp\/v2\/types\/post"}],"author":[{"embeddable":true,"href":"https:\/\/linitiative.ca\/International\/wp-json\/wp\/v2\/users\/1743"}],"replies":[{"embeddable":true,"href":"https:\/\/linitiative.ca\/International\/wp-json\/wp\/v2\/comments?post=121770"}],"version-history":[{"count":0,"href":"https:\/\/linitiative.ca\/International\/wp-json\/wp\/v2\/posts\/121770\/revisions"}],"wp:attachment":[{"href":"https:\/\/linitiative.ca\/International\/wp-json\/wp\/v2\/media?parent=121770"}],"wp:term":[{"taxonomy":"category","embeddable":true,"href":"https:\/\/linitiative.ca\/International\/wp-json\/wp\/v2\/categories?post=121770"},{"taxonomy":"post_tag","embeddable":true,"href":"https:\/\/linitiative.ca\/International\/wp-json\/wp\/v2\/tags?post=121770"}],"curies":[{"name":"wp","href":"https:\/\/api.w.org\/{rel}","templated":true}]}}