{"id":121772,"date":"2021-07-18T06:38:42","date_gmt":"2021-07-18T10:38:42","guid":{"rendered":"https:\/\/linitiative.ca\/International\/vers-un-retour-a-un-confinement-severe\/"},"modified":"2021-07-18T06:38:42","modified_gmt":"2021-07-18T10:38:42","slug":"vers-un-retour-a-un-confinement-severe","status":"publish","type":"post","link":"https:\/\/linitiative.ca\/International\/vers-un-retour-a-un-confinement-severe\/","title":{"rendered":"Vers un retour \u00e0 un confinement s\u00e9v\u00e8re"},"content":{"rendered":"<div>\n<div class=\"sriret\"><img loading=\"lazy\" decoding=\"async\" width=\"2048\" height=\"1365\" src=\"https:\/\/linitiative.ca\/International\/wp-content\/uploads\/sites\/23\/2021\/07\/gettyimages-1233301556-2048x2048-1.jpg\" class=\"attachment-featured_large size-featured_large wp-post-image\" alt=\"\" style=\"margin-bottom: 15px;\" srcset=\"https:\/\/linitiative.ca\/International\/wp-content\/uploads\/sites\/23\/2021\/07\/gettyimages-1233301556-2048x2048-1.jpg 2048w, https:\/\/www.elwatan.com\/wp-content\/uploads\/2021\/07\/gettyimages-1233301556-2048x2048-300x200.jpg 300w, https:\/\/www.elwatan.com\/wp-content\/uploads\/2021\/07\/gettyimages-1233301556-2048x2048-768x512.jpg 768w, https:\/\/www.elwatan.com\/wp-content\/uploads\/2021\/07\/gettyimages-1233301556-2048x2048-1024x683.jpg 1024w, https:\/\/www.elwatan.com\/wp-content\/uploads\/2021\/07\/gettyimages-1233301556-2048x2048-1320x880.jpg 1320w\" sizes=\"auto, (max-width: 2048px) 100vw, 2048px\"><\/div>\n<p class=\"p3\"><span class=\"s1\"><b>Le comit\u00e9 scientifique charg\u00e9 du suivi de l\u2019\u00e9volution de la pand\u00e9mie propose la reconduction de toutes les mesures de confinement en urgence au vu de la d\u00e9gradation de la situation sanitaire. Les sp\u00e9cialistes redoutent une perte de contr\u00f4le de la pand\u00e9mie.<\/b><\/span><\/p>\n<p class=\"p3\"><span class=\"s1\"><b>E<\/b><\/span><span class=\"s1\">n une semaine, le nombre des cas de Covid-19 positifs d\u00e9clar\u00e9s a augment\u00e9 de pr\u00e8s de 30% et la d\u00e9gradation de la situation \u00e9pid\u00e9miologique et sanitaire s\u2019est vite acc\u00e9l\u00e9r\u00e9e. <\/span><span class=\"s1\">Le nombre des cas d\u00e9clar\u00e9s d\u00e9passe la barre des 1000. Ce qui t\u00e9moigne de la forte dynamique de la transmission de l\u2019infection par les nouveaux variants.<\/span><\/p>\n<p>L\u2019article <a rel=\"nofollow\" href=\"https:\/\/www.elwatan.com\/a-la-une\/vers-un-retour-a-un-confinement-severe-18-07-2021\">Vers un retour \u00e0 un confinement s\u00e9v\u00e8re<\/a> est apparu en premier sur <a rel=\"nofollow\" href=\"https:\/\/www.elwatan.com\/\">El Watan<\/a>.<\/p>\n<\/div>\n<p>Auteur: Anis Khecheba<br \/>\n<a href=\"https:\/\/www.elwatan.com\/a-la-une\/vers-un-retour-a-un-confinement-severe-18-07-2021\">Cliquez ici pour lire l&rsquo;article depuis sa source.<\/a><\/p>\n","protected":false},"excerpt":{"rendered":"<p>Le comit\u00e9 scientifique charg\u00e9 du suivi de l\u2019\u00e9volution de la pand\u00e9mie propose la reconduction de toutes les mesures de confinement en urgence au vu de la d\u00e9gradation de la situation sanitaire. Les sp\u00e9cialistes redoutent une perte de contr\u00f4le de la pand\u00e9mie. En une semaine, le nombre des cas de Covid-19 positifs d\u00e9clar\u00e9s a augment\u00e9 de [&hellip;]<\/p>\n","protected":false},"author":1743,"featured_media":0,"comment_status":"closed","ping_status":"closed","sticky":false,"template":"","format":"standard","meta":{"fifu_image_url":"https:\/\/www.elwatan.com\/wp-content\/uploads\/2021\/07\/gettyimages-1233301556-2048x2048.jpg","fifu_image_alt":"Vers un retour \u00e0 un confinement s\u00e9v\u00e8re","footnotes":""},"categories":[73,53],"tags":[],"class_list":["post-121772","post","type-post","status-publish","format-standard","hentry","category-actualite","category-algerie"],"_links":{"self":[{"href":"https:\/\/linitiative.ca\/International\/wp-json\/wp\/v2\/posts\/121772","targetHints":{"allow":["GET"]}}],"collection":[{"href":"https:\/\/linitiative.ca\/International\/wp-json\/wp\/v2\/posts"}],"about":[{"href":"https:\/\/linitiative.ca\/International\/wp-json\/wp\/v2\/types\/post"}],"author":[{"embeddable":true,"href":"https:\/\/linitiative.ca\/International\/wp-json\/wp\/v2\/users\/1743"}],"replies":[{"embeddable":true,"href":"https:\/\/linitiative.ca\/International\/wp-json\/wp\/v2\/comments?post=121772"}],"version-history":[{"count":0,"href":"https:\/\/linitiative.ca\/International\/wp-json\/wp\/v2\/posts\/121772\/revisions"}],"wp:attachment":[{"href":"https:\/\/linitiative.ca\/International\/wp-json\/wp\/v2\/media?parent=121772"}],"wp:term":[{"taxonomy":"category","embeddable":true,"href":"https:\/\/linitiative.ca\/International\/wp-json\/wp\/v2\/categories?post=121772"},{"taxonomy":"post_tag","embeddable":true,"href":"https:\/\/linitiative.ca\/International\/wp-json\/wp\/v2\/tags?post=121772"}],"curies":[{"name":"wp","href":"https:\/\/api.w.org\/{rel}","templated":true}]}}