{"id":121780,"date":"2021-07-18T14:32:12","date_gmt":"2021-07-18T18:32:12","guid":{"rendered":"https:\/\/linitiative.ca\/International\/aid-al-adha-les-administrations-fermees-pendant-deux-jours\/"},"modified":"2021-07-18T14:32:12","modified_gmt":"2021-07-18T18:32:12","slug":"aid-al-adha-les-administrations-fermees-pendant-deux-jours","status":"publish","type":"post","link":"https:\/\/linitiative.ca\/International\/aid-al-adha-les-administrations-fermees-pendant-deux-jours\/","title":{"rendered":"A\u00efd Al-Adha. Les administrations ferm\u00e9es pendant deux jours"},"content":{"rendered":"<div><img decoding=\"async\" width=\"841\" height=\"473\" src=\"https:\/\/linitiative.ca\/International\/wp-content\/uploads\/sites\/23\/2021\/07\/annexe-administrative.jpg\" class=\"attachment-post-thumbnail size-post-thumbnail wp-post-image\" alt=\"\" loading=\"lazy\" srcset=\"https:\/\/linitiative.ca\/International\/wp-content\/uploads\/sites\/23\/2021\/07\/annexe-administrative.jpg 841w, https:\/\/www.challenge.ma\/wp-content\/uploads\/2021\/07\/annexe-administrative-300x169.jpg 300w, https:\/\/www.challenge.ma\/wp-content\/uploads\/2021\/07\/annexe-administrative-768x432.jpg 768w, https:\/\/www.challenge.ma\/wp-content\/uploads\/2021\/07\/annexe-administrative-360x202.jpg 360w, https:\/\/www.challenge.ma\/wp-content\/uploads\/2021\/07\/annexe-administrative-750x422.jpg 750w\" sizes=\"auto, (max-width: 841px) 100vw, 841px\" itemprop=\"image\">Le minist\u00e8re de tutelle vient de s\u2019exprimer concernant le cong\u00e9 de l\u2019A\u00efd. Les administrations, \u00e9tablissements publics et collectivit\u00e9s territoriales seront en cong\u00e9 les 21 et 22 juillet, \u00e0 l\u2019occasion de la f\u00eate de l\u2019A\u00efd Al-Adha, a annonc\u00e9 le d\u00e9partement de la R\u00e9forme de l\u2019Administration. Le travail reprendra le vendredi 23<\/div>\n<p>Auteur: challenge<br \/>\n<a href=\"https:\/\/www.challenge.ma\/aid-al-adha-les-administrations-fermees-pendant-deux-jours-193017\/\">Cliquez ici pour lire l&rsquo;article depuis sa source.<\/a><\/p>\n","protected":false},"excerpt":{"rendered":"<p>Le minist\u00e8re de tutelle vient de s\u2019exprimer concernant le cong\u00e9 de l\u2019A\u00efd. Les administrations, \u00e9tablissements publics et collectivit\u00e9s territoriales seront en cong\u00e9 les 21 et 22 juillet, \u00e0 l\u2019occasion de la f\u00eate de l\u2019A\u00efd Al-Adha, a annonc\u00e9 le d\u00e9partement de la R\u00e9forme de l\u2019Administration. Le travail reprendra le vendredi 23 Auteur: challenge Cliquez ici pour [&hellip;]<\/p>\n","protected":false},"author":1787,"featured_media":0,"comment_status":"closed","ping_status":"closed","sticky":false,"template":"","format":"standard","meta":{"fifu_image_url":"https:\/\/www.challenge.ma\/wp-content\/uploads\/2021\/07\/annexe-administrative.jpg","fifu_image_alt":"A\u00efd Al-Adha. Les administrations ferm\u00e9es pendant deux jours","footnotes":""},"categories":[78,54],"tags":[],"class_list":["post-121780","post","type-post","status-publish","format-standard","hentry","category-economie","category-maroc"],"_links":{"self":[{"href":"https:\/\/linitiative.ca\/International\/wp-json\/wp\/v2\/posts\/121780","targetHints":{"allow":["GET"]}}],"collection":[{"href":"https:\/\/linitiative.ca\/International\/wp-json\/wp\/v2\/posts"}],"about":[{"href":"https:\/\/linitiative.ca\/International\/wp-json\/wp\/v2\/types\/post"}],"author":[{"embeddable":true,"href":"https:\/\/linitiative.ca\/International\/wp-json\/wp\/v2\/users\/1787"}],"replies":[{"embeddable":true,"href":"https:\/\/linitiative.ca\/International\/wp-json\/wp\/v2\/comments?post=121780"}],"version-history":[{"count":0,"href":"https:\/\/linitiative.ca\/International\/wp-json\/wp\/v2\/posts\/121780\/revisions"}],"wp:attachment":[{"href":"https:\/\/linitiative.ca\/International\/wp-json\/wp\/v2\/media?parent=121780"}],"wp:term":[{"taxonomy":"category","embeddable":true,"href":"https:\/\/linitiative.ca\/International\/wp-json\/wp\/v2\/categories?post=121780"},{"taxonomy":"post_tag","embeddable":true,"href":"https:\/\/linitiative.ca\/International\/wp-json\/wp\/v2\/tags?post=121780"}],"curies":[{"name":"wp","href":"https:\/\/api.w.org\/{rel}","templated":true}]}}