{"id":121782,"date":"2021-07-18T14:46:06","date_gmt":"2021-07-18T18:46:06","guid":{"rendered":"https:\/\/linitiative.ca\/International\/maroc-lalgerie-rappelle-son-ambassadeur-pour-consultation\/"},"modified":"2021-07-18T14:46:06","modified_gmt":"2021-07-18T18:46:06","slug":"maroc-lalgerie-rappelle-son-ambassadeur-pour-consultation","status":"publish","type":"post","link":"https:\/\/linitiative.ca\/International\/maroc-lalgerie-rappelle-son-ambassadeur-pour-consultation\/","title":{"rendered":"Maroc. L\u2019Alg\u00e9rie rappelle son ambassadeur pour consultation"},"content":{"rendered":"<div><img decoding=\"async\" width=\"470\" height=\"313\" src=\"https:\/\/linitiative.ca\/International\/wp-content\/uploads\/sites\/23\/2021\/07\/Abdelhamid-Abdaoui-ambassadeur-de-lAlgerie-au-Maroc.jpg\" class=\"attachment-post-thumbnail size-post-thumbnail wp-post-image\" alt=\"\" loading=\"lazy\" srcset=\"https:\/\/linitiative.ca\/International\/wp-content\/uploads\/sites\/23\/2021\/07\/Abdelhamid-Abdaoui-ambassadeur-de-lAlgerie-au-Maroc.jpg 470w, https:\/\/www.challenge.ma\/wp-content\/uploads\/2021\/07\/Abdelhamid-Abdaoui-ambassadeur-de-lAlgerie-au-Maroc-300x200.jpg 300w, https:\/\/www.challenge.ma\/wp-content\/uploads\/2021\/07\/Abdelhamid-Abdaoui-ambassadeur-de-lAlgerie-au-Maroc-360x240.jpg 360w\" sizes=\"auto, (max-width: 470px) 100vw, 470px\" itemprop=\"image\">L\u2019Alg\u00e9rie a d\u00e9cid\u00e9 de rappeler son ambassadeur \u00e0 Rabat pour consultation avec effet imm\u00e9diat. Ce rappel fait suite \u00e0 la distribution par la repr\u00e9sentation diplomatique marocaine \u00e0 New York d\u2019une note officielle aux pays membres du mouvement non-align\u00e9s dans laquelle le Royaume \u00ab\u00a0soutient publiquement et explicitement le droit \u00e0 l\u2019autod\u00e9termination<\/div>\n<p>Auteur: challenge<br \/>\n<a href=\"https:\/\/www.challenge.ma\/maroc-lalgerie-rappelle-son-ambassadeur-pour-consultation-193021\/\">Cliquez ici pour lire l&rsquo;article depuis sa source.<\/a><\/p>\n","protected":false},"excerpt":{"rendered":"<p>L\u2019Alg\u00e9rie a d\u00e9cid\u00e9 de rappeler son ambassadeur \u00e0 Rabat pour consultation avec effet imm\u00e9diat. Ce rappel fait suite \u00e0 la distribution par la repr\u00e9sentation diplomatique marocaine \u00e0 New York d\u2019une note officielle aux pays membres du mouvement non-align\u00e9s dans laquelle le Royaume \u00ab\u00a0soutient publiquement et explicitement le droit \u00e0 l\u2019autod\u00e9termination Auteur: challenge Cliquez ici pour [&hellip;]<\/p>\n","protected":false},"author":1787,"featured_media":0,"comment_status":"closed","ping_status":"closed","sticky":false,"template":"","format":"standard","meta":{"fifu_image_url":"https:\/\/www.challenge.ma\/wp-content\/uploads\/2021\/07\/Abdelhamid-Abdaoui-ambassadeur-de-lAlgerie-au-Maroc.jpg","fifu_image_alt":"Maroc. L\u2019Alg\u00e9rie rappelle son ambassadeur pour consultation","footnotes":""},"categories":[78,54],"tags":[],"class_list":["post-121782","post","type-post","status-publish","format-standard","hentry","category-economie","category-maroc"],"_links":{"self":[{"href":"https:\/\/linitiative.ca\/International\/wp-json\/wp\/v2\/posts\/121782","targetHints":{"allow":["GET"]}}],"collection":[{"href":"https:\/\/linitiative.ca\/International\/wp-json\/wp\/v2\/posts"}],"about":[{"href":"https:\/\/linitiative.ca\/International\/wp-json\/wp\/v2\/types\/post"}],"author":[{"embeddable":true,"href":"https:\/\/linitiative.ca\/International\/wp-json\/wp\/v2\/users\/1787"}],"replies":[{"embeddable":true,"href":"https:\/\/linitiative.ca\/International\/wp-json\/wp\/v2\/comments?post=121782"}],"version-history":[{"count":0,"href":"https:\/\/linitiative.ca\/International\/wp-json\/wp\/v2\/posts\/121782\/revisions"}],"wp:attachment":[{"href":"https:\/\/linitiative.ca\/International\/wp-json\/wp\/v2\/media?parent=121782"}],"wp:term":[{"taxonomy":"category","embeddable":true,"href":"https:\/\/linitiative.ca\/International\/wp-json\/wp\/v2\/categories?post=121782"},{"taxonomy":"post_tag","embeddable":true,"href":"https:\/\/linitiative.ca\/International\/wp-json\/wp\/v2\/tags?post=121782"}],"curies":[{"name":"wp","href":"https:\/\/api.w.org\/{rel}","templated":true}]}}