{"id":121784,"date":"2021-07-18T15:37:01","date_gmt":"2021-07-18T19:37:01","guid":{"rendered":"https:\/\/linitiative.ca\/International\/mohamed-rabie-khlie-elu-a-la-vice-presidence-de-lunion-internationale-des-chemins-de-fer\/"},"modified":"2021-07-18T15:37:01","modified_gmt":"2021-07-18T19:37:01","slug":"mohamed-rabie-khlie-elu-a-la-vice-presidence-de-lunion-internationale-des-chemins-de-fer","status":"publish","type":"post","link":"https:\/\/linitiative.ca\/International\/mohamed-rabie-khlie-elu-a-la-vice-presidence-de-lunion-internationale-des-chemins-de-fer\/","title":{"rendered":"Mohamed Rabie Khlie \u00e9lu \u00e0 la vice-pr\u00e9sidence de l\u2019Union internationale des chemins de fer"},"content":{"rendered":"<div><img decoding=\"async\" width=\"1800\" height=\"1012\" src=\"https:\/\/linitiative.ca\/International\/wp-content\/uploads\/sites\/23\/2021\/07\/Mohamed-Rabie-Khlie.png\" class=\"attachment-post-thumbnail size-post-thumbnail wp-post-image\" alt=\"\" loading=\"lazy\" srcset=\"https:\/\/linitiative.ca\/International\/wp-content\/uploads\/sites\/23\/2021\/07\/Mohamed-Rabie-Khlie.png 1800w, https:\/\/www.challenge.ma\/wp-content\/uploads\/2015\/11\/Mohamed-Rabie-Khlie-300x169.png 300w, https:\/\/www.challenge.ma\/wp-content\/uploads\/2015\/11\/Mohamed-Rabie-Khlie-1024x576.png 1024w, https:\/\/www.challenge.ma\/wp-content\/uploads\/2015\/11\/Mohamed-Rabie-Khlie-360x202.png 360w, https:\/\/www.challenge.ma\/wp-content\/uploads\/2015\/11\/Mohamed-Rabie-Khlie-750x422.png 750w\" sizes=\"auto, (max-width: 1800px) 100vw, 1800px\" itemprop=\"image\">Le Maroc a \u00e9t\u00e9 \u00e9lu, en la personne du directeur g\u00e9n\u00e9ral de l\u2019Office national des chemins de fer (ONCF), Mohamed Rabie Khlie, \u00e0 la vice-pr\u00e9sidence de l\u2019Union internationale des chemins de fer (UIC) et ce, en plus de sa pr\u00e9sidence de l\u2019UIC\u2013R\u00e9gion Afrique, a annonc\u00e9 l\u2019Office. Cette \u00e9lection, pour un<\/div>\n<p>Auteur: challenge<br \/>\n<a href=\"https:\/\/www.challenge.ma\/mohamed-rabie-khlie-elu-a-la-vice-presidence-de-lunion-internationale-des-chemins-de-fer-193046\/\">Cliquez ici pour lire l&rsquo;article depuis sa source.<\/a><\/p>\n","protected":false},"excerpt":{"rendered":"<p>Le Maroc a \u00e9t\u00e9 \u00e9lu, en la personne du directeur g\u00e9n\u00e9ral de l\u2019Office national des chemins de fer (ONCF), Mohamed Rabie Khlie, \u00e0 la vice-pr\u00e9sidence de l\u2019Union internationale des chemins de fer (UIC) et ce, en plus de sa pr\u00e9sidence de l\u2019UIC\u2013R\u00e9gion Afrique, a annonc\u00e9 l\u2019Office. Cette \u00e9lection, pour un Auteur: challenge Cliquez ici pour [&hellip;]<\/p>\n","protected":false},"author":1787,"featured_media":0,"comment_status":"closed","ping_status":"closed","sticky":false,"template":"","format":"standard","meta":{"fifu_image_url":"https:\/\/www.challenge.ma\/wp-content\/uploads\/2015\/11\/Mohamed-Rabie-Khlie.png","fifu_image_alt":"Mohamed Rabie Khlie \u00e9lu \u00e0 la vice-pr\u00e9sidence de l\u2019Union internationale des chemins de fer","footnotes":""},"categories":[78,54],"tags":[],"class_list":["post-121784","post","type-post","status-publish","format-standard","hentry","category-economie","category-maroc"],"_links":{"self":[{"href":"https:\/\/linitiative.ca\/International\/wp-json\/wp\/v2\/posts\/121784","targetHints":{"allow":["GET"]}}],"collection":[{"href":"https:\/\/linitiative.ca\/International\/wp-json\/wp\/v2\/posts"}],"about":[{"href":"https:\/\/linitiative.ca\/International\/wp-json\/wp\/v2\/types\/post"}],"author":[{"embeddable":true,"href":"https:\/\/linitiative.ca\/International\/wp-json\/wp\/v2\/users\/1787"}],"replies":[{"embeddable":true,"href":"https:\/\/linitiative.ca\/International\/wp-json\/wp\/v2\/comments?post=121784"}],"version-history":[{"count":0,"href":"https:\/\/linitiative.ca\/International\/wp-json\/wp\/v2\/posts\/121784\/revisions"}],"wp:attachment":[{"href":"https:\/\/linitiative.ca\/International\/wp-json\/wp\/v2\/media?parent=121784"}],"wp:term":[{"taxonomy":"category","embeddable":true,"href":"https:\/\/linitiative.ca\/International\/wp-json\/wp\/v2\/categories?post=121784"},{"taxonomy":"post_tag","embeddable":true,"href":"https:\/\/linitiative.ca\/International\/wp-json\/wp\/v2\/tags?post=121784"}],"curies":[{"name":"wp","href":"https:\/\/api.w.org\/{rel}","templated":true}]}}