{"id":121786,"date":"2021-07-18T16:26:25","date_gmt":"2021-07-18T20:26:25","guid":{"rendered":"https:\/\/linitiative.ca\/International\/pegasus-lambassade-du-maroc-en-france-se-defend-des-accusations-damnesty-international\/"},"modified":"2021-07-18T16:26:25","modified_gmt":"2021-07-18T20:26:25","slug":"pegasus-lambassade-du-maroc-en-france-se-defend-des-accusations-damnesty-international","status":"publish","type":"post","link":"https:\/\/linitiative.ca\/International\/pegasus-lambassade-du-maroc-en-france-se-defend-des-accusations-damnesty-international\/","title":{"rendered":"Pegasus. L\u2019ambassade du Maroc en France se d\u00e9fend des accusations d\u2019Amnesty International"},"content":{"rendered":"<div><img decoding=\"async\" width=\"628\" height=\"314\" src=\"https:\/\/linitiative.ca\/International\/wp-content\/uploads\/sites\/23\/2021\/07\/ambassade-de-france-au-maroc.jpg\" class=\"attachment-post-thumbnail size-post-thumbnail wp-post-image\" alt=\"\" loading=\"lazy\" srcset=\"https:\/\/linitiative.ca\/International\/wp-content\/uploads\/sites\/23\/2021\/07\/ambassade-de-france-au-maroc.jpg 628w, https:\/\/www.challenge.ma\/wp-content\/uploads\/2021\/07\/ambassade-de-france-au-maroc-300x150.jpg 300w, https:\/\/www.challenge.ma\/wp-content\/uploads\/2021\/07\/ambassade-de-france-au-maroc-360x180.jpg 360w\" sizes=\"auto, (max-width: 628px) 100vw, 628px\" itemprop=\"image\">Des militants des droits humains, des journalistes et des opposants du monde entier ont \u00e9t\u00e9 espionn\u00e9s gr\u00e2ce au logiciel Pegasus mis au point par NSO, une soci\u00e9t\u00e9 isra\u00e9lienne, selon une enqu\u00eate publi\u00e9e dimanche dans plusieurs m\u00e9dias. Interpell\u00e9e par francetvinfo.fr, l\u2019ambassade du Maroc en France souligne que\u00a0: \u00ab\u00a0Les autorit\u00e9s marocaines ne<\/div>\n<p>Auteur: challenge<br \/>\n<a href=\"https:\/\/www.challenge.ma\/pegasus-lambassade-du-maroc-en-france-se-defend-des-accusations-damnesty-international-193054\/\">Cliquez ici pour lire l&rsquo;article depuis sa source.<\/a><\/p>\n","protected":false},"excerpt":{"rendered":"<p>Des militants des droits humains, des journalistes et des opposants du monde entier ont \u00e9t\u00e9 espionn\u00e9s gr\u00e2ce au logiciel Pegasus mis au point par NSO, une soci\u00e9t\u00e9 isra\u00e9lienne, selon une enqu\u00eate publi\u00e9e dimanche dans plusieurs m\u00e9dias. Interpell\u00e9e par francetvinfo.fr, l\u2019ambassade du Maroc en France souligne que\u00a0: \u00ab\u00a0Les autorit\u00e9s marocaines ne Auteur: challenge Cliquez ici pour [&hellip;]<\/p>\n","protected":false},"author":1787,"featured_media":0,"comment_status":"closed","ping_status":"closed","sticky":false,"template":"","format":"standard","meta":{"fifu_image_url":"https:\/\/www.challenge.ma\/wp-content\/uploads\/2021\/07\/ambassade-de-france-au-maroc.jpg","fifu_image_alt":"Pegasus. L\u2019ambassade du Maroc en France se d\u00e9fend des accusations d\u2019Amnesty International","footnotes":""},"categories":[78,54],"tags":[],"class_list":["post-121786","post","type-post","status-publish","format-standard","hentry","category-economie","category-maroc"],"_links":{"self":[{"href":"https:\/\/linitiative.ca\/International\/wp-json\/wp\/v2\/posts\/121786","targetHints":{"allow":["GET"]}}],"collection":[{"href":"https:\/\/linitiative.ca\/International\/wp-json\/wp\/v2\/posts"}],"about":[{"href":"https:\/\/linitiative.ca\/International\/wp-json\/wp\/v2\/types\/post"}],"author":[{"embeddable":true,"href":"https:\/\/linitiative.ca\/International\/wp-json\/wp\/v2\/users\/1787"}],"replies":[{"embeddable":true,"href":"https:\/\/linitiative.ca\/International\/wp-json\/wp\/v2\/comments?post=121786"}],"version-history":[{"count":0,"href":"https:\/\/linitiative.ca\/International\/wp-json\/wp\/v2\/posts\/121786\/revisions"}],"wp:attachment":[{"href":"https:\/\/linitiative.ca\/International\/wp-json\/wp\/v2\/media?parent=121786"}],"wp:term":[{"taxonomy":"category","embeddable":true,"href":"https:\/\/linitiative.ca\/International\/wp-json\/wp\/v2\/categories?post=121786"},{"taxonomy":"post_tag","embeddable":true,"href":"https:\/\/linitiative.ca\/International\/wp-json\/wp\/v2\/tags?post=121786"}],"curies":[{"name":"wp","href":"https:\/\/api.w.org\/{rel}","templated":true}]}}