{"id":121789,"date":"2021-07-18T13:40:34","date_gmt":"2021-07-18T17:40:34","guid":{"rendered":"https:\/\/linitiative.ca\/International\/tadej-pogacar-remporte-son-deuxieme-tour-de-france\/"},"modified":"2021-07-18T13:40:34","modified_gmt":"2021-07-18T17:40:34","slug":"tadej-pogacar-remporte-son-deuxieme-tour-de-france","status":"publish","type":"post","link":"https:\/\/linitiative.ca\/International\/tadej-pogacar-remporte-son-deuxieme-tour-de-france\/","title":{"rendered":"Tadej Pogacar remporte son deuxi\u00e8me Tour de France"},"content":{"rendered":"<div>\n<p>Imperturbable tout au long du Tour, le Slov\u00e8ne Tadej Pogacar remporte \u00e0 22 ans son deuxi\u00e8me Tour de France Apr\u00e8s le traditionnel d\u00e9fil\u00e9 du peloton jusqu\u2019\u00e0 l\u2019arriv\u00e9e sur les Champs-\u00c9lys\u00e9es, Wout van Aert s\u2019est impos\u00e9 lors du sprint massif tant attendu. Il a devanc\u00e9 Jasper Philipsen et Mark Cavendish. Vainqueur du Tour de France l\u2019an [\u2026]<\/p>\n<p>L\u2019article <a href=\"https:\/\/sport.tunisienumerique.com\/tadej-pogacar-remporte-son-deuxieme-tour-de-france\/\">Tadej Pogacar remporte son deuxi\u00e8me Tour de France<\/a> est apparu en premier sur <a href=\"http:\/\/www.tunisienumerique.com\/\">Tunisie<\/a>.<\/p>\n<\/div>\n<p>Auteur:<br \/>\n<a href=\"https:\/\/sport.tunisienumerique.com\/tadej-pogacar-remporte-son-deuxieme-tour-de-france\/\">Cliquez ici pour lire l&rsquo;article depuis sa source.<\/a><\/p>\n","protected":false},"excerpt":{"rendered":"<p>Imperturbable tout au long du Tour, le Slov\u00e8ne Tadej Pogacar remporte \u00e0 22 ans son deuxi\u00e8me Tour de France Apr\u00e8s le traditionnel d\u00e9fil\u00e9 du peloton jusqu\u2019\u00e0 l\u2019arriv\u00e9e sur les Champs-\u00c9lys\u00e9es, Wout van Aert s\u2019est impos\u00e9 lors du sprint massif tant attendu. Il a devanc\u00e9 Jasper Philipsen et Mark Cavendish. Vainqueur du Tour de France l\u2019an [&hellip;]<\/p>\n","protected":false},"author":1789,"featured_media":0,"comment_status":"closed","ping_status":"closed","sticky":false,"template":"","format":"standard","meta":{"fifu_image_url":"","fifu_image_alt":"","footnotes":""},"categories":[73,55],"tags":[],"class_list":["post-121789","post","type-post","status-publish","format-standard","hentry","category-actualite","category-tunisie"],"_links":{"self":[{"href":"https:\/\/linitiative.ca\/International\/wp-json\/wp\/v2\/posts\/121789","targetHints":{"allow":["GET"]}}],"collection":[{"href":"https:\/\/linitiative.ca\/International\/wp-json\/wp\/v2\/posts"}],"about":[{"href":"https:\/\/linitiative.ca\/International\/wp-json\/wp\/v2\/types\/post"}],"author":[{"embeddable":true,"href":"https:\/\/linitiative.ca\/International\/wp-json\/wp\/v2\/users\/1789"}],"replies":[{"embeddable":true,"href":"https:\/\/linitiative.ca\/International\/wp-json\/wp\/v2\/comments?post=121789"}],"version-history":[{"count":0,"href":"https:\/\/linitiative.ca\/International\/wp-json\/wp\/v2\/posts\/121789\/revisions"}],"wp:attachment":[{"href":"https:\/\/linitiative.ca\/International\/wp-json\/wp\/v2\/media?parent=121789"}],"wp:term":[{"taxonomy":"category","embeddable":true,"href":"https:\/\/linitiative.ca\/International\/wp-json\/wp\/v2\/categories?post=121789"},{"taxonomy":"post_tag","embeddable":true,"href":"https:\/\/linitiative.ca\/International\/wp-json\/wp\/v2\/tags?post=121789"}],"curies":[{"name":"wp","href":"https:\/\/api.w.org\/{rel}","templated":true}]}}