{"id":121790,"date":"2021-07-18T14:23:14","date_gmt":"2021-07-18T18:23:14","guid":{"rendered":"https:\/\/linitiative.ca\/International\/tunisie-ost-premier-semestre-2021-semestre-de-soif-et-de-violence-contre-les-femmes\/"},"modified":"2021-07-18T14:23:14","modified_gmt":"2021-07-18T18:23:14","slug":"tunisie-ost-premier-semestre-2021-semestre-de-soif-et-de-violence-contre-les-femmes","status":"publish","type":"post","link":"https:\/\/linitiative.ca\/International\/tunisie-ost-premier-semestre-2021-semestre-de-soif-et-de-violence-contre-les-femmes\/","title":{"rendered":"Tunisie \u2013 OST : Premier semestre 2021, semestre de soif et de violence contre les femmes"},"content":{"rendered":"<div>\n<p>L\u2019Observatoire Tunisien de l\u2019Economie (OTE) relevant du Forum Tunisien des Droits Economiques et Sociaux (FTDES), vient de publier son rapport p\u00e9riodique relatif \u00e0 la situation sociale et \u00e9conomique au cours du premier semestre de l\u2019ann\u00e9e 2021. La Tunisie a connu un semestre difficile au d\u00e9but de l\u2019ann\u00e9e 2021 et au cours duquel la situation s\u2019est [\u2026]<\/p>\n<p>L\u2019article <a href=\"https:\/\/www.tunisienumerique.com\/tunisie-ost-premier-semestre-2021-semestre-de-soif-et-de-violence-contre-les-femmes\/\">Tunisie \u2013 OST : Premier semestre 2021, semestre de soif et de violence contre les femmes<\/a> est apparu en premier sur <a href=\"http:\/\/www.tunisienumerique.com\/\">Tunisie<\/a>.<\/p>\n<\/div>\n<p>Auteur: Mohamed Ben Abderrazek<br \/>\n<a href=\"https:\/\/www.tunisienumerique.com\/tunisie-ost-premier-semestre-2021-semestre-de-soif-et-de-violence-contre-les-femmes\/\">Cliquez ici pour lire l&rsquo;article depuis sa source.<\/a><\/p>\n","protected":false},"excerpt":{"rendered":"<p>L\u2019Observatoire Tunisien de l\u2019Economie (OTE) relevant du Forum Tunisien des Droits Economiques et Sociaux (FTDES), vient de publier son rapport p\u00e9riodique relatif \u00e0 la situation sociale et \u00e9conomique au cours du premier semestre de l\u2019ann\u00e9e 2021. La Tunisie a connu un semestre difficile au d\u00e9but de l\u2019ann\u00e9e 2021 et au cours duquel la situation s\u2019est [&hellip;]<\/p>\n","protected":false},"author":1789,"featured_media":0,"comment_status":"closed","ping_status":"closed","sticky":false,"template":"","format":"standard","meta":{"fifu_image_url":"","fifu_image_alt":"","footnotes":""},"categories":[73,55],"tags":[],"class_list":["post-121790","post","type-post","status-publish","format-standard","hentry","category-actualite","category-tunisie"],"_links":{"self":[{"href":"https:\/\/linitiative.ca\/International\/wp-json\/wp\/v2\/posts\/121790","targetHints":{"allow":["GET"]}}],"collection":[{"href":"https:\/\/linitiative.ca\/International\/wp-json\/wp\/v2\/posts"}],"about":[{"href":"https:\/\/linitiative.ca\/International\/wp-json\/wp\/v2\/types\/post"}],"author":[{"embeddable":true,"href":"https:\/\/linitiative.ca\/International\/wp-json\/wp\/v2\/users\/1789"}],"replies":[{"embeddable":true,"href":"https:\/\/linitiative.ca\/International\/wp-json\/wp\/v2\/comments?post=121790"}],"version-history":[{"count":0,"href":"https:\/\/linitiative.ca\/International\/wp-json\/wp\/v2\/posts\/121790\/revisions"}],"wp:attachment":[{"href":"https:\/\/linitiative.ca\/International\/wp-json\/wp\/v2\/media?parent=121790"}],"wp:term":[{"taxonomy":"category","embeddable":true,"href":"https:\/\/linitiative.ca\/International\/wp-json\/wp\/v2\/categories?post=121790"},{"taxonomy":"post_tag","embeddable":true,"href":"https:\/\/linitiative.ca\/International\/wp-json\/wp\/v2\/tags?post=121790"}],"curies":[{"name":"wp","href":"https:\/\/api.w.org\/{rel}","templated":true}]}}