{"id":121792,"date":"2021-07-18T17:13:31","date_gmt":"2021-07-18T21:13:31","guid":{"rendered":"https:\/\/linitiative.ca\/International\/koweit-tunisie-allocation-dun-pont-aerien-pour-approvisionner-la-tunisie-en-oxygene\/"},"modified":"2021-07-18T17:13:31","modified_gmt":"2021-07-18T21:13:31","slug":"koweit-tunisie-allocation-dun-pont-aerien-pour-approvisionner-la-tunisie-en-oxygene","status":"publish","type":"post","link":"https:\/\/linitiative.ca\/International\/koweit-tunisie-allocation-dun-pont-aerien-pour-approvisionner-la-tunisie-en-oxygene\/","title":{"rendered":"Kowe\u00eft-Tunisie : Allocation d\u2019un pont a\u00e9rien pour approvisionner la Tunisie en oxyg\u00e8ne"},"content":{"rendered":"<div>\n<p>Cet apr\u00e8s-midi, dimanche 18 juillet 2021, une conversation t\u00e9l\u00e9phonique a eu lieu cet apr\u00e8s-midi, dimanche 18 juillet 2021 entre le Pr\u00e9sident de la R\u00e9publique, Kais Saied et l\u2019Emir du Kowe\u00eft, Son Altesse Cheikh Nawaf Al-Ahmad Al-Jaber Al-Sabah. Cette conversation a \u00e9t\u00e9 l\u2019occasion d\u2019\u00e9changer des v\u0153ux \u00e0 l\u2019occasion de A\u00efd Al-Adha. En outre, le Pr\u00e9sident de [\u2026]<\/p>\n<p>L\u2019article <a href=\"https:\/\/www.tunisienumerique.com\/koweit-tunisie-allocation-dun-pont-aerien-pour-approvisionner-la-tunisie-en-oxygene\/\">Kowe\u00eft-Tunisie : Allocation d\u2019un pont a\u00e9rien pour approvisionner la Tunisie en oxyg\u00e8ne<\/a> est apparu en premier sur <a href=\"http:\/\/www.tunisienumerique.com\/\">Tunisie<\/a>.<\/p>\n<\/div>\n<p>Auteur: rania ben slimane<br \/>\n<a href=\"https:\/\/www.tunisienumerique.com\/koweit-tunisie-allocation-dun-pont-aerien-pour-approvisionner-la-tunisie-en-oxygene\/\">Cliquez ici pour lire l&rsquo;article depuis sa source.<\/a><\/p>\n","protected":false},"excerpt":{"rendered":"<p>Cet apr\u00e8s-midi, dimanche 18 juillet 2021, une conversation t\u00e9l\u00e9phonique a eu lieu cet apr\u00e8s-midi, dimanche 18 juillet 2021 entre le Pr\u00e9sident de la R\u00e9publique, Kais Saied et l\u2019Emir du Kowe\u00eft, Son Altesse Cheikh Nawaf Al-Ahmad Al-Jaber Al-Sabah. Cette conversation a \u00e9t\u00e9 l\u2019occasion d\u2019\u00e9changer des v\u0153ux \u00e0 l\u2019occasion de A\u00efd Al-Adha. En outre, le Pr\u00e9sident de [&hellip;]<\/p>\n","protected":false},"author":1789,"featured_media":0,"comment_status":"closed","ping_status":"closed","sticky":false,"template":"","format":"standard","meta":{"fifu_image_url":"","fifu_image_alt":"","footnotes":""},"categories":[73,55],"tags":[],"class_list":["post-121792","post","type-post","status-publish","format-standard","hentry","category-actualite","category-tunisie"],"_links":{"self":[{"href":"https:\/\/linitiative.ca\/International\/wp-json\/wp\/v2\/posts\/121792","targetHints":{"allow":["GET"]}}],"collection":[{"href":"https:\/\/linitiative.ca\/International\/wp-json\/wp\/v2\/posts"}],"about":[{"href":"https:\/\/linitiative.ca\/International\/wp-json\/wp\/v2\/types\/post"}],"author":[{"embeddable":true,"href":"https:\/\/linitiative.ca\/International\/wp-json\/wp\/v2\/users\/1789"}],"replies":[{"embeddable":true,"href":"https:\/\/linitiative.ca\/International\/wp-json\/wp\/v2\/comments?post=121792"}],"version-history":[{"count":0,"href":"https:\/\/linitiative.ca\/International\/wp-json\/wp\/v2\/posts\/121792\/revisions"}],"wp:attachment":[{"href":"https:\/\/linitiative.ca\/International\/wp-json\/wp\/v2\/media?parent=121792"}],"wp:term":[{"taxonomy":"category","embeddable":true,"href":"https:\/\/linitiative.ca\/International\/wp-json\/wp\/v2\/categories?post=121792"},{"taxonomy":"post_tag","embeddable":true,"href":"https:\/\/linitiative.ca\/International\/wp-json\/wp\/v2\/tags?post=121792"}],"curies":[{"name":"wp","href":"https:\/\/api.w.org\/{rel}","templated":true}]}}