{"id":121793,"date":"2021-07-18T15:16:36","date_gmt":"2021-07-18T19:16:36","guid":{"rendered":"https:\/\/linitiative.ca\/International\/tentative-de-rapprochement-entre-conakry-et-bissau\/"},"modified":"2021-07-18T15:16:36","modified_gmt":"2021-07-18T19:16:36","slug":"tentative-de-rapprochement-entre-conakry-et-bissau","status":"publish","type":"post","link":"https:\/\/linitiative.ca\/International\/tentative-de-rapprochement-entre-conakry-et-bissau\/","title":{"rendered":"TENTATIVE DE RAPPROCHEMENT ENTRE CONAKRY ET BISSAU"},"content":{"rendered":"<div>\n<p><img decoding=\"async\" width=\"1080\" height=\"719\" src=\"https:\/\/linitiative.ca\/International\/wp-content\/uploads\/sites\/23\/2021\/07\/CONDE.jpg\" class=\"attachment- size- wp-post-image\" alt=\"\" loading=\"lazy\" style=\"float:left; margin:0 15px 15px 0;\" srcset=\"https:\/\/linitiative.ca\/International\/wp-content\/uploads\/sites\/23\/2021\/07\/CONDE.jpg 1080w, https:\/\/lepays.bf\/wp-content\/uploads\/2021\/07\/CONDE-300x200.jpg 300w, https:\/\/lepays.bf\/wp-content\/uploads\/2021\/07\/CONDE-1024x682.jpg 1024w, https:\/\/lepays.bf\/wp-content\/uploads\/2021\/07\/CONDE-768x511.jpg 768w\" sizes=\"auto, (max-width: 1080px) 100vw, 1080px\">Le pr\u00e9sident de la RDC et de l\u2019Union africaine (UA), F\u00e9lix Tshisekedi, a respectivement s\u00e9journ\u00e9 au Ghana, en Guin\u00e9e Conakry et en Guin\u00e9e-Bissau. L\u2019on peut s\u2019arr\u00eater sur son s\u00e9jour dans les deux Guin\u00e9e pour la raison principale suivante. Les relations entre les pr\u00e9sidents de ces deux pays, c\u2019est-\u00e0-dire Alpha Cond\u00e9 et Umaro Sissoco Embalo, sont, \u2026<\/p>\n<p>L\u2019article <a rel=\"nofollow\" href=\"https:\/\/lepays.bf\/tentative-de-rapprochement-entre-conakry-et-bissau\/\">TENTATIVE DE RAPPROCHEMENT ENTRE CONAKRY ET BISSAU<\/a> est apparu en premier sur <a rel=\"nofollow\" href=\"https:\/\/lepays.bf\/\">Editions Le Pays<\/a>.<\/p>\n<\/div>\n<p>Auteur: Editions LEPAYS<br \/>\n<a href=\"https:\/\/lepays.bf\/tentative-de-rapprochement-entre-conakry-et-bissau\/\">Cliquez ici pour lire l&rsquo;article depuis sa source.<\/a><\/p>\n","protected":false},"excerpt":{"rendered":"<p>Le pr\u00e9sident de la RDC et de l\u2019Union africaine (UA), F\u00e9lix Tshisekedi, a respectivement s\u00e9journ\u00e9 au Ghana, en Guin\u00e9e Conakry et en Guin\u00e9e-Bissau. L\u2019on peut s\u2019arr\u00eater sur son s\u00e9jour dans les deux Guin\u00e9e pour la raison principale suivante. Les relations entre les pr\u00e9sidents de ces deux pays, c\u2019est-\u00e0-dire Alpha Cond\u00e9 et Umaro Sissoco Embalo, sont, [&hellip;]<\/p>\n","protected":false},"author":1813,"featured_media":0,"comment_status":"closed","ping_status":"closed","sticky":false,"template":"","format":"standard","meta":{"fifu_image_url":"https:\/\/lepays.bf\/wp-content\/uploads\/2021\/07\/CONDE.jpg","fifu_image_alt":"TENTATIVE DE RAPPROCHEMENT ENTRE CONAKRY ET BISSAU","footnotes":""},"categories":[73,81],"tags":[],"class_list":["post-121793","post","type-post","status-publish","format-standard","hentry","category-actualite","category-burkina-faso"],"_links":{"self":[{"href":"https:\/\/linitiative.ca\/International\/wp-json\/wp\/v2\/posts\/121793","targetHints":{"allow":["GET"]}}],"collection":[{"href":"https:\/\/linitiative.ca\/International\/wp-json\/wp\/v2\/posts"}],"about":[{"href":"https:\/\/linitiative.ca\/International\/wp-json\/wp\/v2\/types\/post"}],"author":[{"embeddable":true,"href":"https:\/\/linitiative.ca\/International\/wp-json\/wp\/v2\/users\/1813"}],"replies":[{"embeddable":true,"href":"https:\/\/linitiative.ca\/International\/wp-json\/wp\/v2\/comments?post=121793"}],"version-history":[{"count":0,"href":"https:\/\/linitiative.ca\/International\/wp-json\/wp\/v2\/posts\/121793\/revisions"}],"wp:attachment":[{"href":"https:\/\/linitiative.ca\/International\/wp-json\/wp\/v2\/media?parent=121793"}],"wp:term":[{"taxonomy":"category","embeddable":true,"href":"https:\/\/linitiative.ca\/International\/wp-json\/wp\/v2\/categories?post=121793"},{"taxonomy":"post_tag","embeddable":true,"href":"https:\/\/linitiative.ca\/International\/wp-json\/wp\/v2\/tags?post=121793"}],"curies":[{"name":"wp","href":"https:\/\/api.w.org\/{rel}","templated":true}]}}