{"id":121795,"date":"2021-07-18T15:21:30","date_gmt":"2021-07-18T19:21:30","guid":{"rendered":"https:\/\/linitiative.ca\/International\/marche-de-soutien-a-olivier-dubois-sur-fond-denlevements-au-mali\/"},"modified":"2021-07-18T15:21:30","modified_gmt":"2021-07-18T19:21:30","slug":"marche-de-soutien-a-olivier-dubois-sur-fond-denlevements-au-mali","status":"publish","type":"post","link":"https:\/\/linitiative.ca\/International\/marche-de-soutien-a-olivier-dubois-sur-fond-denlevements-au-mali\/","title":{"rendered":"MARCHE DE SOUTIEN A OLIVIER DUBOIS SUR FOND D\u2019ENLEVEMENTS AU MALI  \u00a0"},"content":{"rendered":"<div>\n<p><img decoding=\"async\" width=\"1280\" height=\"720\" src=\"https:\/\/linitiative.ca\/International\/wp-content\/uploads\/sites\/23\/2021\/07\/DUBOIS-2.jpg\" class=\"attachment- size- wp-post-image\" alt=\"\" loading=\"lazy\" style=\"float:left; margin:0 15px 15px 0;\" srcset=\"https:\/\/linitiative.ca\/International\/wp-content\/uploads\/sites\/23\/2021\/07\/DUBOIS-2.jpg 1280w, https:\/\/lepays.bf\/wp-content\/uploads\/2021\/07\/DUBOIS-2-300x169.jpg 300w, https:\/\/lepays.bf\/wp-content\/uploads\/2021\/07\/DUBOIS-2-1024x576.jpg 1024w, https:\/\/lepays.bf\/wp-content\/uploads\/2021\/07\/DUBOIS-2-768x432.jpg 768w, https:\/\/lepays.bf\/wp-content\/uploads\/2021\/07\/DUBOIS-2-390x220.jpg 390w\" sizes=\"auto, (max-width: 1280px) 100vw, 1280px\">Alors que les amis, proches et confr\u00e8res de Olivier Dubois, du nom du seul otage fran\u00e7ais connu dans le monde, battaient le pav\u00e9 \u00e0 Bamako pour exiger sa lib\u00e9ration, trois Chinois et des Mauritaniens travaillant pour des entreprises de construction, tombaient dans les serres\u00a0 d\u2019individus arm\u00e9s. En effet, arriv\u00e9s \u00e0 motos, bien arm\u00e9s et op\u00e9rant \u2026<\/p>\n<p>L\u2019article <a rel=\"nofollow\" href=\"https:\/\/lepays.bf\/marche-de-soutien-a-olivier-dubois-sur-fond-denlevements-au-mali\/\">MARCHE DE SOUTIEN A OLIVIER DUBOIS SUR FOND D\u2019ENLEVEMENTS AU MALI  \u00a0<\/a> est apparu en premier sur <a rel=\"nofollow\" href=\"https:\/\/lepays.bf\/\">Editions Le Pays<\/a>.<\/p>\n<\/div>\n<p>Auteur: Editions LEPAYS<br \/>\n<a href=\"https:\/\/lepays.bf\/marche-de-soutien-a-olivier-dubois-sur-fond-denlevements-au-mali\/\">Cliquez ici pour lire l&rsquo;article depuis sa source.<\/a><\/p>\n","protected":false},"excerpt":{"rendered":"<p>Alors que les amis, proches et confr\u00e8res de Olivier Dubois, du nom du seul otage fran\u00e7ais connu dans le monde, battaient le pav\u00e9 \u00e0 Bamako pour exiger sa lib\u00e9ration, trois Chinois et des Mauritaniens travaillant pour des entreprises de construction, tombaient dans les serres\u00a0 d\u2019individus arm\u00e9s. En effet, arriv\u00e9s \u00e0 motos, bien arm\u00e9s et op\u00e9rant [&hellip;]<\/p>\n","protected":false},"author":1813,"featured_media":0,"comment_status":"closed","ping_status":"closed","sticky":false,"template":"","format":"standard","meta":{"fifu_image_url":"https:\/\/lepays.bf\/wp-content\/uploads\/2021\/07\/DUBOIS-2.jpg","fifu_image_alt":"MARCHE DE SOUTIEN A OLIVIER DUBOIS SUR FOND D\u2019ENLEVEMENTS AU MALI  \u00a0","footnotes":""},"categories":[73,81],"tags":[],"class_list":["post-121795","post","type-post","status-publish","format-standard","hentry","category-actualite","category-burkina-faso"],"_links":{"self":[{"href":"https:\/\/linitiative.ca\/International\/wp-json\/wp\/v2\/posts\/121795","targetHints":{"allow":["GET"]}}],"collection":[{"href":"https:\/\/linitiative.ca\/International\/wp-json\/wp\/v2\/posts"}],"about":[{"href":"https:\/\/linitiative.ca\/International\/wp-json\/wp\/v2\/types\/post"}],"author":[{"embeddable":true,"href":"https:\/\/linitiative.ca\/International\/wp-json\/wp\/v2\/users\/1813"}],"replies":[{"embeddable":true,"href":"https:\/\/linitiative.ca\/International\/wp-json\/wp\/v2\/comments?post=121795"}],"version-history":[{"count":0,"href":"https:\/\/linitiative.ca\/International\/wp-json\/wp\/v2\/posts\/121795\/revisions"}],"wp:attachment":[{"href":"https:\/\/linitiative.ca\/International\/wp-json\/wp\/v2\/media?parent=121795"}],"wp:term":[{"taxonomy":"category","embeddable":true,"href":"https:\/\/linitiative.ca\/International\/wp-json\/wp\/v2\/categories?post=121795"},{"taxonomy":"post_tag","embeddable":true,"href":"https:\/\/linitiative.ca\/International\/wp-json\/wp\/v2\/tags?post=121795"}],"curies":[{"name":"wp","href":"https:\/\/api.w.org\/{rel}","templated":true}]}}