{"id":121797,"date":"2021-07-18T15:25:34","date_gmt":"2021-07-18T19:25:34","guid":{"rendered":"https:\/\/linitiative.ca\/International\/commemoration-de-laid-el-kebir\/"},"modified":"2021-07-18T15:25:34","modified_gmt":"2021-07-18T19:25:34","slug":"commemoration-de-laid-el-kebir","status":"publish","type":"post","link":"https:\/\/linitiative.ca\/International\/commemoration-de-laid-el-kebir\/","title":{"rendered":"COMMEMORATION DE L\u2019AID-EL-KEBIR"},"content":{"rendered":"<div>\n<p><img decoding=\"async\" width=\"622\" height=\"411\" src=\"https:\/\/linitiative.ca\/International\/wp-content\/uploads\/sites\/23\/2021\/07\/mouton-tabaski.jpg\" class=\"attachment- size- wp-post-image\" alt=\"\" loading=\"lazy\" style=\"float:left; margin:0 15px 15px 0;\" srcset=\"https:\/\/linitiative.ca\/International\/wp-content\/uploads\/sites\/23\/2021\/07\/mouton-tabaski.jpg 622w, https:\/\/lepays.bf\/wp-content\/uploads\/2021\/07\/mouton-tabaski-300x198.jpg 300w\" sizes=\"auto, (max-width: 622px) 100vw, 622px\">Le 20 juillet 2021, la Umma comm\u00e9more le sacrifice jadis fait par Ibrahim (Abraham), le p\u00e8re des croyants, \u00e0 travers la f\u00eate de l\u2019A\u00efd-el-K\u00e9bir.\u00a0 Pour la deuxi\u00e8me ann\u00e9e cons\u00e9cutive, cette f\u00eate qui, traditionnellement, devrait clore le p\u00e8lerinage \u00e0 la Mecque ou Hadj, se d\u00e9roule en pleine pand\u00e9mie de COVID-19 qui a emp\u00each\u00e9 les fid\u00e8les musulmans \u2026<\/p>\n<p>L\u2019article <a rel=\"nofollow\" href=\"https:\/\/lepays.bf\/commemoration-de-laid-el-kebir\/\">COMMEMORATION DE L\u2019AID-EL-KEBIR<\/a> est apparu en premier sur <a rel=\"nofollow\" href=\"https:\/\/lepays.bf\/\">Editions Le Pays<\/a>.<\/p>\n<\/div>\n<p>Auteur: Editions LEPAYS<br \/>\n<a href=\"https:\/\/lepays.bf\/commemoration-de-laid-el-kebir\/\">Cliquez ici pour lire l&rsquo;article depuis sa source.<\/a><\/p>\n","protected":false},"excerpt":{"rendered":"<p>Le 20 juillet 2021, la Umma comm\u00e9more le sacrifice jadis fait par Ibrahim (Abraham), le p\u00e8re des croyants, \u00e0 travers la f\u00eate de l\u2019A\u00efd-el-K\u00e9bir.\u00a0 Pour la deuxi\u00e8me ann\u00e9e cons\u00e9cutive, cette f\u00eate qui, traditionnellement, devrait clore le p\u00e8lerinage \u00e0 la Mecque ou Hadj, se d\u00e9roule en pleine pand\u00e9mie de COVID-19 qui a emp\u00each\u00e9 les fid\u00e8les musulmans [&hellip;]<\/p>\n","protected":false},"author":1813,"featured_media":0,"comment_status":"closed","ping_status":"closed","sticky":false,"template":"","format":"standard","meta":{"fifu_image_url":"https:\/\/lepays.bf\/wp-content\/uploads\/2021\/07\/mouton-tabaski.jpg","fifu_image_alt":"COMMEMORATION DE L\u2019AID-EL-KEBIR","footnotes":""},"categories":[73,81],"tags":[],"class_list":["post-121797","post","type-post","status-publish","format-standard","hentry","category-actualite","category-burkina-faso"],"_links":{"self":[{"href":"https:\/\/linitiative.ca\/International\/wp-json\/wp\/v2\/posts\/121797","targetHints":{"allow":["GET"]}}],"collection":[{"href":"https:\/\/linitiative.ca\/International\/wp-json\/wp\/v2\/posts"}],"about":[{"href":"https:\/\/linitiative.ca\/International\/wp-json\/wp\/v2\/types\/post"}],"author":[{"embeddable":true,"href":"https:\/\/linitiative.ca\/International\/wp-json\/wp\/v2\/users\/1813"}],"replies":[{"embeddable":true,"href":"https:\/\/linitiative.ca\/International\/wp-json\/wp\/v2\/comments?post=121797"}],"version-history":[{"count":0,"href":"https:\/\/linitiative.ca\/International\/wp-json\/wp\/v2\/posts\/121797\/revisions"}],"wp:attachment":[{"href":"https:\/\/linitiative.ca\/International\/wp-json\/wp\/v2\/media?parent=121797"}],"wp:term":[{"taxonomy":"category","embeddable":true,"href":"https:\/\/linitiative.ca\/International\/wp-json\/wp\/v2\/categories?post=121797"},{"taxonomy":"post_tag","embeddable":true,"href":"https:\/\/linitiative.ca\/International\/wp-json\/wp\/v2\/tags?post=121797"}],"curies":[{"name":"wp","href":"https:\/\/api.w.org\/{rel}","templated":true}]}}