{"id":121799,"date":"2021-07-18T15:28:23","date_gmt":"2021-07-18T19:28:23","guid":{"rendered":"https:\/\/linitiative.ca\/International\/visite-de-jean-luc-melenchon-au-burkina-faso\/"},"modified":"2021-07-18T15:28:23","modified_gmt":"2021-07-18T19:28:23","slug":"visite-de-jean-luc-melenchon-au-burkina-faso","status":"publish","type":"post","link":"https:\/\/linitiative.ca\/International\/visite-de-jean-luc-melenchon-au-burkina-faso\/","title":{"rendered":"VISITE DE JEAN LUC MELENCHON AU BURKINA FASO"},"content":{"rendered":"<div>\n<p><img decoding=\"async\" width=\"750\" height=\"424\" src=\"https:\/\/linitiative.ca\/International\/wp-content\/uploads\/sites\/23\/2021\/07\/Jean-Luc-Melenchon.jpg\" class=\"attachment- size- wp-post-image\" alt=\"\" loading=\"lazy\" style=\"float:left; margin:0 15px 15px 0;\" srcset=\"https:\/\/linitiative.ca\/International\/wp-content\/uploads\/sites\/23\/2021\/07\/Jean-Luc-Melenchon.jpg 750w, https:\/\/lepays.bf\/wp-content\/uploads\/2021\/07\/Jean-Luc-Melenchon-300x170.jpg 300w, https:\/\/lepays.bf\/wp-content\/uploads\/2021\/07\/Jean-Luc-Melenchon-390x220.jpg 390w\" sizes=\"auto, (max-width: 750px) 100vw, 750px\">\u00a0Le pr\u00e9sident du groupe parlementaire La France Insoumise, Jean Luc M\u00e9lenchon, s\u00e9journe depuis le 18 juillet dernier, au Burkina Faso, pour une visite in\u00e9dite de quatre jours au cours de laquelle il rencontrera des leaders politiques et des acteurs de la soci\u00e9t\u00e9 civile, avant de boucler la boucle par une conf\u00e9rence publique le 21 juillet \u2026<\/p>\n<p>L\u2019article <a rel=\"nofollow\" href=\"https:\/\/lepays.bf\/visite-de-jean-luc-melenchon-au-burkina-faso\/\">VISITE DE JEAN LUC MELENCHON AU BURKINA FASO<\/a> est apparu en premier sur <a rel=\"nofollow\" href=\"https:\/\/lepays.bf\/\">Editions Le Pays<\/a>.<\/p>\n<\/div>\n<p>Auteur: Editions LEPAYS<br \/>\n<a href=\"https:\/\/lepays.bf\/visite-de-jean-luc-melenchon-au-burkina-faso\/\">Cliquez ici pour lire l&rsquo;article depuis sa source.<\/a><\/p>\n","protected":false},"excerpt":{"rendered":"<p>\u00a0Le pr\u00e9sident du groupe parlementaire La France Insoumise, Jean Luc M\u00e9lenchon, s\u00e9journe depuis le 18 juillet dernier, au Burkina Faso, pour une visite in\u00e9dite de quatre jours au cours de laquelle il rencontrera des leaders politiques et des acteurs de la soci\u00e9t\u00e9 civile, avant de boucler la boucle par une conf\u00e9rence publique le 21 juillet [&hellip;]<\/p>\n","protected":false},"author":1813,"featured_media":0,"comment_status":"closed","ping_status":"closed","sticky":false,"template":"","format":"standard","meta":{"fifu_image_url":"https:\/\/lepays.bf\/wp-content\/uploads\/2021\/07\/Jean-Luc-Melenchon.jpg","fifu_image_alt":"VISITE DE JEAN LUC MELENCHON AU BURKINA FASO","footnotes":""},"categories":[73,81],"tags":[],"class_list":["post-121799","post","type-post","status-publish","format-standard","hentry","category-actualite","category-burkina-faso"],"_links":{"self":[{"href":"https:\/\/linitiative.ca\/International\/wp-json\/wp\/v2\/posts\/121799","targetHints":{"allow":["GET"]}}],"collection":[{"href":"https:\/\/linitiative.ca\/International\/wp-json\/wp\/v2\/posts"}],"about":[{"href":"https:\/\/linitiative.ca\/International\/wp-json\/wp\/v2\/types\/post"}],"author":[{"embeddable":true,"href":"https:\/\/linitiative.ca\/International\/wp-json\/wp\/v2\/users\/1813"}],"replies":[{"embeddable":true,"href":"https:\/\/linitiative.ca\/International\/wp-json\/wp\/v2\/comments?post=121799"}],"version-history":[{"count":0,"href":"https:\/\/linitiative.ca\/International\/wp-json\/wp\/v2\/posts\/121799\/revisions"}],"wp:attachment":[{"href":"https:\/\/linitiative.ca\/International\/wp-json\/wp\/v2\/media?parent=121799"}],"wp:term":[{"taxonomy":"category","embeddable":true,"href":"https:\/\/linitiative.ca\/International\/wp-json\/wp\/v2\/categories?post=121799"},{"taxonomy":"post_tag","embeddable":true,"href":"https:\/\/linitiative.ca\/International\/wp-json\/wp\/v2\/tags?post=121799"}],"curies":[{"name":"wp","href":"https:\/\/api.w.org\/{rel}","templated":true}]}}