{"id":121801,"date":"2021-07-18T17:13:38","date_gmt":"2021-07-18T21:13:38","guid":{"rendered":"https:\/\/linitiative.ca\/International\/ecologie-linsoumis-jean-luc-melenchon-a-lecole-de-thomas-sakara\/"},"modified":"2021-07-18T17:13:38","modified_gmt":"2021-07-18T21:13:38","slug":"ecologie-linsoumis-jean-luc-melenchon-a-lecole-de-thomas-sakara","status":"publish","type":"post","link":"https:\/\/linitiative.ca\/International\/ecologie-linsoumis-jean-luc-melenchon-a-lecole-de-thomas-sakara\/","title":{"rendered":"Ecologie : \u00ab L\u2019insoumis \u00bb Jean Luc M\u00e9lenchon \u00e0 l\u2019\u00e9cole  de Thomas Sakara"},"content":{"rendered":"<div>\n<p><strong>Le pr\u00e9sident du parti politique fran\u00e7ais, \u00abLa France insoumise \u00bb, Jean Luc M\u00e9lenchon, a visit\u00e9 le M\u00e9morial Thomas-Sankara, le dimanche 18 juillet 2021 <\/strong><br \/>\n<strong>\u00e0 Ouagadougou.<\/strong><\/p>\n<p>Le pr\u00e9sident de la \u00ab France insoumise \u00bb, Jean Luc M\u00e9lenchon veut s\u2019inspirer du mod\u00e8le de Thomas Sankara pour inviter ses concitoyens \u00e0 croire \u00e0 un changement qualitatif de leurs conditions de vie. En visite de travail au pays des Hommes int\u00e8gres, l\u2019homme politique fran\u00e7ais, accompagn\u00e9 d\u2019une \u00e9quipe de militants insoumis, s\u2019est rendu, le 18 juillet 2021, sur le site du M\u00e9morial du p\u00e8re de la r\u00e9volution burkinab\u00e8 pour s\u2019abreuver \u00e0 la source.<\/p>\n<p>A l\u2019issue d\u2019un d\u00e9p\u00f4t de gerbes, d\u2019une visite guid\u00e9e sur le lieu de l\u2019assassinat de l\u2019ancien pr\u00e9sident et de la plantation d\u2019un arbre, l\u2019opposant fran\u00e7ais a expliqu\u00e9 les raisons de sa pr\u00e9sence au m\u00e9morial. Pour lui, Thomas Sankara est une haute figure de valeurs d\u2019insoumissions. \u00abL\u2019insoumission n\u2019est pas un esprit de d\u00e9sordre permanent comme certains peuvent le croire. Elle est le refus de la r\u00e9signation, de se plier, quelle que soit l\u2019adversit\u00e9 de la nature\u00bb, a pr\u00e9cis\u00e9 M. M\u00e9lenchon.<\/p>\n<p>A ses dires, Sankara aurait pu, comme d\u2019autres pr\u00e9sidents avant lui, se contenter du pouvoir pour lui-m\u00eame. Mais, a-t-il poursuivi, il s\u2019est battu pour son peuple. Le pr\u00e9sident de la France insoumise a aussi relev\u00e9 que son s\u00e9jour ne consiste pas \u00e0 chanter les m\u00e9lop\u00e9es de la nostalgie, c\u2019est-\u00e0-dire les regrets \u00e9ternels de ce qui aurait pu se faire. \u00abNous sommes venus apprendre et non pas donner des le\u00e7ons comme trop souvent les Europ\u00e9ens sont enclins. Nous connaissons la personnalit\u00e9 hors du commun de Thomas Sankara et de ses principales indications politiques qui valent pour nous comme vous les enseignements de la grande R\u00e9volution fran\u00e7aise \u00bb, a-t-il confi\u00e9.<\/p>\n<p>A ce propos, l\u2019homme politique fran\u00e7ais a soulign\u00e9 que Sankara a formul\u00e9 les premiers principes de l\u2019\u00e9cologie politique. \u00ab C\u2019est lui qui a dit que ceux qui ont mis le feu aux for\u00eats burkinab\u00e8 \u00e9taient les poss\u00e9dants. Il a eu l\u2019id\u00e9e lumineuse de la bande verte et invit\u00e9 ses compatriotes \u00e0 planter des arbres pour freiner l\u2019avanc\u00e9e du dessert\u00bb, a-t-il d\u00e9clar\u00e9. Puis, de poursuivre que la France qui a v\u00e9cu dans une sorte de paradis verdoyant et est en train de conna\u00eetre de grandes s\u00e9cheresses. \u00ab C\u2019est \u00e0 notre tour de conna\u00eetre l\u2019impact d\u2019un climat qui se tropicalise du fait de l\u2019activit\u00e9 humaine \u00bb, a-t-il martel\u00e9.<\/p>\n<p>Il a, par ailleurs, remerci\u00e9 le p\u00e8re de la r\u00e9volution burkinab\u00e8 d\u2019avoir lib\u00e9r\u00e9 la francophonie de \u00ab l\u2019ombre de la manipulation politicienne et de volont\u00e9 imp\u00e9riale\u00bb. \u00ab Il disait que c\u2019est par cette langue qu\u2019il avait appris la dialectique de la lutte contre l\u2019imp\u00e9rialisme et je dis que c\u2019est par cette langue que je peux apprendre ce que Thomas va enseigner aux Fran\u00e7ais \u00bb, a-t-il pr\u00e9cis\u00e9. A \u00e9couter Jean Luc M\u00e9lenchon, le message de Sankara porte loin si l\u2019on sait l\u2019utiliser, parce qu\u2019il avait ancr\u00e9 les luttes les plus profondes dans les actes les plus simples. Il a, en outre, invit\u00e9 les peuples<br \/>\nburkinab\u00e8 et fran\u00e7ais \u00e0 oser inventer le futur en exploitant l\u2019essence du discours sankariste.<\/p>\n<p style=\"text-align: right\"><strong>Abdoulaye BALBONE<\/strong><\/p>\n<p>L\u2019article <a rel=\"nofollow\" href=\"https:\/\/www.sidwaya.info\/blog\/2021\/07\/18\/ecologie-linsoumis-jean-luc-melenchon-a-lecole-de-thomas-sakara\/\">Ecologie : \u00ab L\u2019insoumis \u00bb Jean Luc M\u00e9lenchon \u00e0 l\u2019\u00e9cole  de Thomas Sakara<\/a> est apparu en premier sur <a rel=\"nofollow\" href=\"https:\/\/www.sidwaya.info\/\">Quotidien Sidwaya<\/a>.<\/p>\n<\/div>\n<p>Auteur: JK. Sidwaya<br \/>\n<a href=\"https:\/\/www.sidwaya.info\/blog\/2021\/07\/18\/ecologie-linsoumis-jean-luc-melenchon-a-lecole-de-thomas-sakara\/\">Cliquez ici pour lire l&rsquo;article depuis sa source.<\/a><\/p>\n","protected":false},"excerpt":{"rendered":"<p>Le pr\u00e9sident du parti politique fran\u00e7ais, \u00abLa France insoumise \u00bb, Jean Luc M\u00e9lenchon, a visit\u00e9 le M\u00e9morial Thomas-Sankara, le dimanche 18 juillet 2021 \u00e0 Ouagadougou. Le pr\u00e9sident de la \u00ab France insoumise \u00bb, Jean Luc M\u00e9lenchon veut s\u2019inspirer du mod\u00e8le de Thomas Sankara pour inviter ses concitoyens \u00e0 croire \u00e0 un changement qualitatif de leurs [&hellip;]<\/p>\n","protected":false},"author":1816,"featured_media":0,"comment_status":"closed","ping_status":"closed","sticky":false,"template":"","format":"standard","meta":{"fifu_image_url":"","fifu_image_alt":"","footnotes":""},"categories":[73,81],"tags":[],"class_list":["post-121801","post","type-post","status-publish","format-standard","hentry","category-actualite","category-burkina-faso"],"_links":{"self":[{"href":"https:\/\/linitiative.ca\/International\/wp-json\/wp\/v2\/posts\/121801","targetHints":{"allow":["GET"]}}],"collection":[{"href":"https:\/\/linitiative.ca\/International\/wp-json\/wp\/v2\/posts"}],"about":[{"href":"https:\/\/linitiative.ca\/International\/wp-json\/wp\/v2\/types\/post"}],"author":[{"embeddable":true,"href":"https:\/\/linitiative.ca\/International\/wp-json\/wp\/v2\/users\/1816"}],"replies":[{"embeddable":true,"href":"https:\/\/linitiative.ca\/International\/wp-json\/wp\/v2\/comments?post=121801"}],"version-history":[{"count":0,"href":"https:\/\/linitiative.ca\/International\/wp-json\/wp\/v2\/posts\/121801\/revisions"}],"wp:attachment":[{"href":"https:\/\/linitiative.ca\/International\/wp-json\/wp\/v2\/media?parent=121801"}],"wp:term":[{"taxonomy":"category","embeddable":true,"href":"https:\/\/linitiative.ca\/International\/wp-json\/wp\/v2\/categories?post=121801"},{"taxonomy":"post_tag","embeddable":true,"href":"https:\/\/linitiative.ca\/International\/wp-json\/wp\/v2\/tags?post=121801"}],"curies":[{"name":"wp","href":"https:\/\/api.w.org\/{rel}","templated":true}]}}