{"id":121804,"date":"2021-07-18T17:21:29","date_gmt":"2021-07-18T21:21:29","guid":{"rendered":"https:\/\/linitiative.ca\/International\/projet-de-renforcement-de-la-production-du-sesame-un-defi-pour-perenniser-les-acquis\/"},"modified":"2021-07-18T17:21:29","modified_gmt":"2021-07-18T21:21:29","slug":"projet-de-renforcement-de-la-production-du-sesame-un-defi-pour-perenniser-les-acquis","status":"publish","type":"post","link":"https:\/\/linitiative.ca\/International\/projet-de-renforcement-de-la-production-du-sesame-un-defi-pour-perenniser-les-acquis\/","title":{"rendered":"Projet de renforcement de la production du s\u00e9same : un d\u00e9fi pour p\u00e9renniser les acquis"},"content":{"rendered":"<div>\n<p><strong>Le minist\u00e8re de l\u2019Agriculture, des Am\u00e9nagements hydroagricoles et de la M\u00e9canisation a organis\u00e9, le vendredi 16 juillet 2021 \u00e0 Ouagadougou, un atelier de cl\u00f4ture du Projet de renforcement de la production du s\u00e9same au Burkina Faso (PRPS-BF).<\/strong><\/p>\n<p>Ex\u00e9cut\u00e9 d\u2019octobre 2014 \u00e0 septembre 2019 et prolong\u00e9 deux fois (octobre 2019 \u2013 janvier 2021 et f\u00e9vrier \u00e0 juillet 2021), la mise en \u0153uvre du Projet de renforcement de la production du s\u00e9same (PRPS) dans les r\u00e9gions des Hauts-Bassins et de la Boucle du Mouhoun est arriv\u00e9 \u00e0 \u00e9ch\u00e9ance.<\/p>\n<p>Au bilan, 342 producteurs-noyaux ont \u00e9t\u00e9 form\u00e9s aux itin\u00e9raires techniques de production, 189 champs-\u00e9coles de production, 171 producteurs ont \u00e9t\u00e9 accompagn\u00e9s en intrants et le Conseil de gestion et d\u2019exploitation agricole (CGEA), 151 producteurs ont \u00e9t\u00e9 inscrits sur la liste nationale des producteurs de semences, trois vari\u00e9t\u00e9s de s\u00e9same ont \u00e9t\u00e9 d\u00e9velopp\u00e9es et enregistr\u00e9es dans le catalogue national des semences, un cahier de charges sur la commercialisation et l\u2019exportation du s\u00e9same a \u00e9t\u00e9 \u00e9labor\u00e9.<\/p>\n<p>Pour marquer la cl\u00f4ture du projet, financ\u00e9 par l\u2019Agence japonaise de coop\u00e9ration internationale (JICA), un atelier a \u00e9t\u00e9 organis\u00e9, le vendredi 16 juillet 2021 \u00e0 Ouagadougou. A l\u2019occasion, Karimou Demb\u00e9l\u00e9, producteur de s\u00e9same et b\u00e9n\u00e9ficiaire du projet \u00e0 Sanaba (Banwa) dans la Boucle du Mouhoun, a salu\u00e9 la mise en \u0153uvre du PRPS qui a am\u00e9lior\u00e9 leurs techniques culturales.<\/p>\n<p>\u00ab Les champs-\u00e9coles ont permis aux producteurs de produire du s\u00e9same de qualit\u00e9, en suivant l\u2019itin\u00e9raire technique, les semis en ligne, l\u2019application de l\u2019engrais. Nos rendements et par cons\u00e9quent, nos recettes se sont beaucoup am\u00e9lior\u00e9s. Certains gagnent maintenant 800 kg de s\u00e9same par hectare. Le s\u00e9same est devenu plus rentable que les autres cultures de rente parce que le travail est facile \u00e0 faire alors que le s\u00e9same se paie bien \u00bb, a-t-il t\u00e9moign\u00e9.<\/p>\n<h3>Gratitude \u00e0 la JICA<\/h3>\n<p>La repr\u00e9sentante du Directeur g\u00e9n\u00e9ral de la promotion de l\u2019\u00e9conomie rurale (DGPER), Val\u00e9rie Zangr\u00e9, a remerci\u00e9 les \u00e9quipes japonaise et burkinab\u00e8 de mise en \u0153uvre du projet sur le terrain, et les organisations de producteurs qui ont suivi les paquets technologiques diffus\u00e9s pendant la dur\u00e9e du projet. Elle a rassur\u00e9 de la prise en compte des recommandations qui seront issues des travaux. Pour le repr\u00e9sentant-r\u00e9sident de la JICA au Burkina Faso, Keiichi Okitsu, le gouvernement japonais a inscrit l\u2019agriculture comme une priorit\u00e9 de coop\u00e9ration au pays des Hommes int\u00e8gres.<\/p>\n<p>Le PRPS, a-t-il poursuivi, avait donc pour but d\u2019am\u00e9liorer la productivit\u00e9 et les recettes des producteurs. \u00abLa dur\u00e9e du projet a \u00e9t\u00e9 prolong\u00e9e de six mois, afin d\u2019accro\u00eetre le nombre de producteurs-noyaux qui assureront ensuite la diffusion des comp\u00e9tences techniques sur la production du s\u00e9same aupr\u00e8s des producteurs ordinaires dans les zones cibles \u00bb, a-t-il fait savoir. Pour M. Okitsu, l\u2019atelier de cl\u00f4ture du projet permettra donc de r\u00e9fl\u00e9chir ensemble \u00e0 un m\u00e9canisme de suivi des acquis, afin de les valoriser et p\u00e9renniser.<\/p>\n<p>Repr\u00e9sentant le minist\u00e8re de l\u2019Agriculture, des Am\u00e9nagements hydroagricoles et de la M\u00e9canisation, Issoufou Ouattara a traduit sa satisfaction au gouvernement du Japon pour avoir financ\u00e9 le PRPS-BF.<br \/>\nLe projet, a-t-il relev\u00e9 s\u2019est focalis\u00e9 sur le renforcement des capacit\u00e9s des acteurs, \u00e0 travers des formations aux bonnes pratiques de production du s\u00e9same, au marketing, au contr\u00f4le-qualit\u00e9 et \u00e0 l\u2019am\u00e9lioration du syst\u00e8me de production et de distribution des semences certifi\u00e9es.<br \/>\nM. Ouattara a donc rassur\u00e9 la JICA que les b\u00e9n\u00e9ficiaires directs du projet et les services de vulgarisation feront bon usage des r\u00e9sultats engrang\u00e9s en vue de la p\u00e9rennisation des acquis du projet.<\/p>\n<p style=\"text-align: right\"><strong>Jean-Marie TOE<\/strong><\/p>\n<p>\u00a0<\/p>\n<p>L\u2019article <a rel=\"nofollow\" href=\"https:\/\/www.sidwaya.info\/blog\/2021\/07\/18\/projet-de-renforcement-de-la-production-du-sesame-un-defi-pour-perenniser-les-acquis\/\">Projet de renforcement de la production du s\u00e9same : un d\u00e9fi pour p\u00e9renniser les acquis<\/a> est apparu en premier sur <a rel=\"nofollow\" href=\"https:\/\/www.sidwaya.info\/\">Quotidien Sidwaya<\/a>.<\/p>\n<\/div>\n<p>Auteur: JK. Sidwaya<br \/>\n<a href=\"https:\/\/www.sidwaya.info\/blog\/2021\/07\/18\/projet-de-renforcement-de-la-production-du-sesame-un-defi-pour-perenniser-les-acquis\/\">Cliquez ici pour lire l&rsquo;article depuis sa source.<\/a><\/p>\n","protected":false},"excerpt":{"rendered":"<p>Le minist\u00e8re de l\u2019Agriculture, des Am\u00e9nagements hydroagricoles et de la M\u00e9canisation a organis\u00e9, le vendredi 16 juillet 2021 \u00e0 Ouagadougou, un atelier de cl\u00f4ture du Projet de renforcement de la production du s\u00e9same au Burkina Faso (PRPS-BF). Ex\u00e9cut\u00e9 d\u2019octobre 2014 \u00e0 septembre 2019 et prolong\u00e9 deux fois (octobre 2019 \u2013 janvier 2021 et f\u00e9vrier \u00e0 [&hellip;]<\/p>\n","protected":false},"author":1816,"featured_media":0,"comment_status":"closed","ping_status":"closed","sticky":false,"template":"","format":"standard","meta":{"fifu_image_url":"","fifu_image_alt":"","footnotes":""},"categories":[73,81],"tags":[],"class_list":["post-121804","post","type-post","status-publish","format-standard","hentry","category-actualite","category-burkina-faso"],"_links":{"self":[{"href":"https:\/\/linitiative.ca\/International\/wp-json\/wp\/v2\/posts\/121804","targetHints":{"allow":["GET"]}}],"collection":[{"href":"https:\/\/linitiative.ca\/International\/wp-json\/wp\/v2\/posts"}],"about":[{"href":"https:\/\/linitiative.ca\/International\/wp-json\/wp\/v2\/types\/post"}],"author":[{"embeddable":true,"href":"https:\/\/linitiative.ca\/International\/wp-json\/wp\/v2\/users\/1816"}],"replies":[{"embeddable":true,"href":"https:\/\/linitiative.ca\/International\/wp-json\/wp\/v2\/comments?post=121804"}],"version-history":[{"count":0,"href":"https:\/\/linitiative.ca\/International\/wp-json\/wp\/v2\/posts\/121804\/revisions"}],"wp:attachment":[{"href":"https:\/\/linitiative.ca\/International\/wp-json\/wp\/v2\/media?parent=121804"}],"wp:term":[{"taxonomy":"category","embeddable":true,"href":"https:\/\/linitiative.ca\/International\/wp-json\/wp\/v2\/categories?post=121804"},{"taxonomy":"post_tag","embeddable":true,"href":"https:\/\/linitiative.ca\/International\/wp-json\/wp\/v2\/tags?post=121804"}],"curies":[{"name":"wp","href":"https:\/\/api.w.org\/{rel}","templated":true}]}}