{"id":121805,"date":"2021-07-18T17:32:15","date_gmt":"2021-07-18T21:32:15","guid":{"rendered":"https:\/\/linitiative.ca\/International\/incendie-au-cabinet-des-freres-farama-des-degats-et-mille-questions\/"},"modified":"2021-07-18T17:32:15","modified_gmt":"2021-07-18T21:32:15","slug":"incendie-au-cabinet-des-freres-farama-des-degats-et-mille-questions","status":"publish","type":"post","link":"https:\/\/linitiative.ca\/International\/incendie-au-cabinet-des-freres-farama-des-degats-et-mille-questions\/","title":{"rendered":"Incendie au cabinet des fr\u00e8res Farama : des d\u00e9g\u00e2ts et mille questions"},"content":{"rendered":"<div>\n<p><strong>Le cabinet des fr\u00e8res Prosper et Ambroise Farama, sis au quartier Ouaga 2000, \u00e9tait en flammes dans l\u2019apr\u00e8s-midi du samedi 17 juillet 2021.<\/strong><\/p>\n<p>Un incendie s\u2019est d\u00e9clar\u00e9 au cabinet des fr\u00e8res Farama dans l\u2019apr\u00e8s-midi du samedi 17 juillet 2021. Le feu a \u00e9t\u00e9 ma\u00eetris\u00e9 plusieurs heures apr\u00e8s par les soldats du feu, mais surtout par le voisinage et des passants. Dans le b\u00e2timent de type R+1, les flammes, selon un t\u00e9moin ont ravag\u00e9 une partie de la biblioth\u00e8que, la salle de r\u00e9union, des dossiers. Selon les t\u00e9moignages, c\u2019est aux environs de 16h30 que les riverains ont \u00e9t\u00e9 alert\u00e9s par les flammes s\u2019\u00e9levant de la toiture du cabinet, sis au quartier Ouaga 2000. \u00ab\u00a0J\u2019\u00e9tais chez mon oncle pour r\u00e9cup\u00e9rer mon argent de vente de mouton. C\u2019est ainsi qu\u2019il m\u2019a dit de venir l\u2019aider \u00e0 \u00e9teindre le feu, car c\u2019est le bureau de son ami.<\/p>\n<p>Lorsque nous sommes arriv\u00e9s, il y avait coupure d\u2019eau. Il a donc propos\u00e9 de casser la porte afin de sauver le mat\u00e9riel. Ce que nous avons fait. Malheureusement, beaucoup de dossiers y ont br\u00fbl\u00e9\u00a0\u00bb, a expliqu\u00e9 le marchand de b\u00e9tail, Ibrahim Compaor\u00e9. Alert\u00e9 par le gestionnaire du cabinet \u00e0 16h 32, son fr\u00e8re cadet Felix Farama a dit \u00eatre arriv\u00e9 sur les lieux \u00e0 16h45. \u00ab\u00a0N\u2019ayant pas de moyens pour circonscrire le feu parce qu\u2019il y avait coupure d\u2019eau, a expliqu\u00e9 Felix Farama, nous avons essay\u00e9 de sauver ce qu\u2019on pouvait, mais le feu \u00e9tait fort \u00e0 tel point qu\u2019on n\u2019a pas pu tenir. Un certain nombre de dossiers ont \u00e9t\u00e9 sauv\u00e9s, mais il y a beaucoup de d\u00e9g\u00e2ts mat\u00e9riels. La salle de r\u00e9union est enti\u00e8rement partie en fum\u00e9e\u00a0\u00bb, a d\u00e9plor\u00e9 Me Ambroise Farama.<\/p>\n<p>\u00ab\u00a0A premi\u00e8re vue, le feu a commenc\u00e9 dans la salle de r\u00e9union. Les dossiers qu\u2019on y avait archiv\u00e9s ont malheureusement \u00e9t\u00e9 consum\u00e9s par le feu \u00bb, a ajout\u00e9 Felix Farama. Ne sachant pas comment ma\u00eetriser le feu, c\u2019est avec impuissance que les riverains ont assist\u00e9 au sinistre, a affirm\u00e9 Felix Farama. S\u2019agissant de l\u2019origine de l\u2019incendie, aucune information n\u2019a \u00e9t\u00e9 donn\u00e9e. \u00ab Nous allons attendre que la police scientifique puisse faire son travail afin de situer la cause et l\u2019origine de l\u2019incendie\u00a0\u00bb, a d\u00e9clar\u00e9 Me Ambroise Farama. Toutefois, il a remerci\u00e9 l\u2019ensemble des personnes ayant contribu\u00e9 \u00e0 circonscrire les d\u00e9g\u00e2ts. \u00ab\u00a0Je voudrais t\u00e9moigner ma reconnaissance aux voisins aux parents et amis qui, d\u00e8s qu\u2019ils ont eu l\u2019annonce, ont fait preuve d\u2019un v\u00e9ritable soutien \u00e0 notre \u00e9gard\u00a0\u00bb, a insist\u00e9 Me Ambroise Farama. De son c\u00f4t\u00e9, Me Prosper Farama n\u2019a pas voulu se prononcer.<\/p>\n<p style=\"text-align: right\"><strong>Bintou SORE<\/strong><br \/>\n(Stagiaire)<\/p>\n<p>\u00a0<\/p>\n<p>\u00a0<\/p>\n<p>L\u2019article <a rel=\"nofollow\" href=\"https:\/\/www.sidwaya.info\/blog\/2021\/07\/18\/incendie-au-cabinet-des-freres-farama-des-degats-et-mille-questions\/\">Incendie au cabinet des fr\u00e8res Farama : des d\u00e9g\u00e2ts et mille questions<\/a> est apparu en premier sur <a rel=\"nofollow\" href=\"https:\/\/www.sidwaya.info\/\">Quotidien Sidwaya<\/a>.<\/p>\n<\/div>\n<p>Auteur: JK. Sidwaya<br \/>\n<a href=\"https:\/\/www.sidwaya.info\/blog\/2021\/07\/18\/incendie-au-cabinet-des-freres-farama-des-degats-et-mille-questions\/\">Cliquez ici pour lire l&rsquo;article depuis sa source.<\/a><\/p>\n","protected":false},"excerpt":{"rendered":"<p>Le cabinet des fr\u00e8res Prosper et Ambroise Farama, sis au quartier Ouaga 2000, \u00e9tait en flammes dans l\u2019apr\u00e8s-midi du samedi 17 juillet 2021. Un incendie s\u2019est d\u00e9clar\u00e9 au cabinet des fr\u00e8res Farama dans l\u2019apr\u00e8s-midi du samedi 17 juillet 2021. Le feu a \u00e9t\u00e9 ma\u00eetris\u00e9 plusieurs heures apr\u00e8s par les soldats du feu, mais surtout par [&hellip;]<\/p>\n","protected":false},"author":1816,"featured_media":0,"comment_status":"closed","ping_status":"closed","sticky":false,"template":"","format":"standard","meta":{"fifu_image_url":"","fifu_image_alt":"","footnotes":""},"categories":[73,81],"tags":[],"class_list":["post-121805","post","type-post","status-publish","format-standard","hentry","category-actualite","category-burkina-faso"],"_links":{"self":[{"href":"https:\/\/linitiative.ca\/International\/wp-json\/wp\/v2\/posts\/121805","targetHints":{"allow":["GET"]}}],"collection":[{"href":"https:\/\/linitiative.ca\/International\/wp-json\/wp\/v2\/posts"}],"about":[{"href":"https:\/\/linitiative.ca\/International\/wp-json\/wp\/v2\/types\/post"}],"author":[{"embeddable":true,"href":"https:\/\/linitiative.ca\/International\/wp-json\/wp\/v2\/users\/1816"}],"replies":[{"embeddable":true,"href":"https:\/\/linitiative.ca\/International\/wp-json\/wp\/v2\/comments?post=121805"}],"version-history":[{"count":0,"href":"https:\/\/linitiative.ca\/International\/wp-json\/wp\/v2\/posts\/121805\/revisions"}],"wp:attachment":[{"href":"https:\/\/linitiative.ca\/International\/wp-json\/wp\/v2\/media?parent=121805"}],"wp:term":[{"taxonomy":"category","embeddable":true,"href":"https:\/\/linitiative.ca\/International\/wp-json\/wp\/v2\/categories?post=121805"},{"taxonomy":"post_tag","embeddable":true,"href":"https:\/\/linitiative.ca\/International\/wp-json\/wp\/v2\/tags?post=121805"}],"curies":[{"name":"wp","href":"https:\/\/api.w.org\/{rel}","templated":true}]}}