{"id":121807,"date":"2021-07-18T06:18:02","date_gmt":"2021-07-18T10:18:02","guid":{"rendered":"https:\/\/linitiative.ca\/International\/mali-trois-chinois-et-deux-mauritaniens-enleves-dans-une-attaque-armee\/"},"modified":"2021-07-18T06:18:02","modified_gmt":"2021-07-18T10:18:02","slug":"mali-trois-chinois-et-deux-mauritaniens-enleves-dans-une-attaque-armee","status":"publish","type":"post","link":"https:\/\/linitiative.ca\/International\/mali-trois-chinois-et-deux-mauritaniens-enleves-dans-une-attaque-armee\/","title":{"rendered":"Mali : Trois Chinois et deux Mauritaniens enlev\u00e9s dans une attaque arm\u00e9e"},"content":{"rendered":"<div>\n<p><img loading=\"lazy\" decoding=\"async\" width=\"719\" height=\"460\" src=\"https:\/\/linitiative.ca\/International\/wp-content\/uploads\/sites\/23\/2021\/07\/16266034824020.jpg\" class=\"attachment-post-thumbnail size-post-thumbnail wp-post-image\" alt=\"\" srcset=\"https:\/\/linitiative.ca\/International\/wp-content\/uploads\/sites\/23\/2021\/07\/16266034824020.jpg 719w, https:\/\/www.journalducameroun.com\/wp-content\/uploads\/2021\/07\/16266034824020-300x192.jpg 300w, https:\/\/www.journalducameroun.com\/wp-content\/uploads\/2021\/07\/16266034824020-688x440.jpg 688w, https:\/\/www.journalducameroun.com\/wp-content\/uploads\/2021\/07\/16266034824020-600x384.jpg 600w\" sizes=\"auto, (max-width: 719px) 100vw, 719px\"><\/p>\n<p>Deux Mauritaniens travaillant pour l&rsquo;entreprise de construction ATTM et trois ressortissants Chinois ont \u00e9t\u00e9 enlev\u00e9s, samedi, dans une attaque arm\u00e9e, selon des sources, cit\u00e9es par le site \u00e9lectronique +Sahara M\u00e9dia+.Les m\u00eames sources indiquent que des hommes arm\u00e9s non identifi\u00e9s ont attaqu\u00e9 un site appartenant \u00e0 l&rsquo;entreprise mauritanienne ATTM et \u00e0 une soci\u00e9t\u00e9 chinoise, entre les villes de Kala et Nwara, en territoire malien, o\u00f9 ils construisent une route goudronn\u00e9e.<\/p>\n<p>Les assaillants ont mis le feu aux \u00e9quipements de l&rsquo;entreprise avant d&rsquo;enlever deux travailleurs \u00ab ordinaires \u00bb, ajoute-t-on.<\/p>\n<p>Et de pr\u00e9ciser que les trois Mauritaniens se trouvaient sur le chantier, ajoutant que les hommes arm\u00e9s ont enlev\u00e9 les trois travailleurs, mais l&rsquo;un d&rsquo;eux a saut\u00e9 d&rsquo;une des voitures des ravisseurs et surv\u00e9cu \u00e0 l&rsquo;enl\u00e8vement.<\/p>\n<p>Les m\u00eames sources ont fait savoir que l&rsquo;attaque s&rsquo;est sold\u00e9e par l&rsquo;enl\u00e8vement de trois hauts cadres de l&rsquo;entreprise chinoise, et la saisie de trois v\u00e9hicules.<\/p>\n<p>L&rsquo;attaque a eu lieu dans une zone o\u00f9 s&rsquo;active la katiba \u00bb Macina, affili\u00e9e au \u00ab Groupe de soutien \u00e0 l&rsquo;islam et aux musulmans \u00bb (GSIM), qui pr\u00eate all\u00e9geance \u00e0 Al-Qa\u00efda. Jusqu&rsquo;\u00e0 pr\u00e9sent, aucune partie n&rsquo;a revendiqu\u00e9 l&rsquo;attentat.<\/p>\n<p>Dans une premi\u00e8re r\u00e9action officielle \u00e0 cet incident, l&rsquo;Agence mauritanienne d&rsquo;information (AMI) a, dans une d\u00e9p\u00eache, rapport\u00e9 qu'\u00a0\u00bbun chantier entre la ville de Kala et Nwara, en territoire malien, a \u00e9t\u00e9 la cible d&rsquo;une attaque perp\u00e9tr\u00e9e par des hommes arm\u00e9s non identifi\u00e9s\u00a0\u00bb.<\/p>\n<p>Le chantier est supervis\u00e9 conjointement par ATTM et une soci\u00e9t\u00e9 chinoise, a fait savoir AMI, soulignant que les autorit\u00e9s mauritaniennes \u00ab suivent tr\u00e8s s\u00e9rieusement l&rsquo;affaire \u00bb.<\/p>\n<p>Cet article <a rel=\"nofollow\" href=\"https:\/\/www.journalducameroun.com\/mali-trois-chinois-et-deux-mauritaniens-enleves-dans-une-attaque-armee\/\">Mali : Trois Chinois et deux Mauritaniens enlev\u00e9s dans une attaque arm\u00e9e<\/a> est apparu en premier sur <a rel=\"nofollow\" href=\"https:\/\/www.journalducameroun.com\/\">Journal du Cameroun<\/a>.<\/p>\n<\/div>\n<p>Auteur: APA News<br \/>\n<a href=\"https:\/\/www.journalducameroun.com\/mali-trois-chinois-et-deux-mauritaniens-enleves-dans-une-attaque-armee\/\">Cliquez ici pour lire l&rsquo;article depuis sa source.<\/a><\/p>\n","protected":false},"excerpt":{"rendered":"<p>Deux Mauritaniens travaillant pour l&rsquo;entreprise de construction ATTM et trois ressortissants Chinois ont \u00e9t\u00e9 enlev\u00e9s, samedi, dans une attaque arm\u00e9e, selon des sources, cit\u00e9es par le site \u00e9lectronique +Sahara M\u00e9dia+.Les m\u00eames sources indiquent que des hommes arm\u00e9s non identifi\u00e9s ont attaqu\u00e9 un site appartenant \u00e0 l&rsquo;entreprise mauritanienne ATTM et \u00e0 une soci\u00e9t\u00e9 chinoise, entre les [&hellip;]<\/p>\n","protected":false},"author":1965,"featured_media":0,"comment_status":"closed","ping_status":"closed","sticky":false,"template":"","format":"standard","meta":{"fifu_image_url":"https:\/\/www.journalducameroun.com\/wp-content\/uploads\/2021\/07\/16266034824020.jpg","fifu_image_alt":"Mali : Trois Chinois et deux Mauritaniens enlev\u00e9s dans une attaque arm\u00e9e","footnotes":""},"categories":[73,82],"tags":[],"class_list":["post-121807","post","type-post","status-publish","format-standard","hentry","category-actualite","category-cameroun"],"_links":{"self":[{"href":"https:\/\/linitiative.ca\/International\/wp-json\/wp\/v2\/posts\/121807","targetHints":{"allow":["GET"]}}],"collection":[{"href":"https:\/\/linitiative.ca\/International\/wp-json\/wp\/v2\/posts"}],"about":[{"href":"https:\/\/linitiative.ca\/International\/wp-json\/wp\/v2\/types\/post"}],"author":[{"embeddable":true,"href":"https:\/\/linitiative.ca\/International\/wp-json\/wp\/v2\/users\/1965"}],"replies":[{"embeddable":true,"href":"https:\/\/linitiative.ca\/International\/wp-json\/wp\/v2\/comments?post=121807"}],"version-history":[{"count":0,"href":"https:\/\/linitiative.ca\/International\/wp-json\/wp\/v2\/posts\/121807\/revisions"}],"wp:attachment":[{"href":"https:\/\/linitiative.ca\/International\/wp-json\/wp\/v2\/media?parent=121807"}],"wp:term":[{"taxonomy":"category","embeddable":true,"href":"https:\/\/linitiative.ca\/International\/wp-json\/wp\/v2\/categories?post=121807"},{"taxonomy":"post_tag","embeddable":true,"href":"https:\/\/linitiative.ca\/International\/wp-json\/wp\/v2\/tags?post=121807"}],"curies":[{"name":"wp","href":"https:\/\/api.w.org\/{rel}","templated":true}]}}